{"id":16397,"date":"2020-11-26T03:15:00","date_gmt":"2020-11-26T03:15:00","guid":{"rendered":"https:\/\/www.radiopresidenteibanez.cl\/web\/?p=16397"},"modified":"2020-11-25T20:16:16","modified_gmt":"2020-11-25T20:16:16","slug":"un-nuevo-apoyo-en-el-traslado-de-carga-sanitaria-efectuo-la-iva-brigada-aerea-desde-puerto-williams","status":"publish","type":"post","link":"https:\/\/www.radiopresidenteibanez.cl\/web\/un-nuevo-apoyo-en-el-traslado-de-carga-sanitaria-efectuo-la-iva-brigada-aerea-desde-puerto-williams\/","title":{"rendered":"UN NUEVO APOYO EN EL TRASLADO DE CARGA SANITARIA EFECTU\u00d3 LA IV\u00aa BRIGADA A\u00c9REA DESDE PUERTO WILLIAMS"},"content":{"rendered":"\n<p>El Grupo de Aviaci\u00f3n N\u00b06 de la\nIV\u00aa Brigada A\u00e9rea materializ\u00f3 un nuevo apoyo a la comunidad austral, en el\nmarco de la emergencia sanitaria, trasladando desde Puerto Williams hasta la\nciudad de Punta Arenas muestras PCR y diversos insumos m\u00e9dicos destinados al\nServicio de Salud Magallanes.<\/p>\n\n\n\n<p>La operaci\u00f3n a\u00e9rea se efectu\u00f3\nen material DHC-6 Twin Otter, iniciando desde la Base A\u00e9rea Chabunco con\ndestino al aer\u00f3dromo Guardiamarina Za\u00f1artu de la capital de la Provincia\nAnt\u00e1rtica, donde se procedi\u00f3 al embarque de la carga sanitaria proveniente del\nHospital Comunitario Cristina Calder\u00f3n.<\/p>\n\n\n\n<p>\u201cLa Fuerza A\u00e9rea nos ha\notorgado el apoyo necesario en este contexto de pandemia con la conectividad de\nnuestra comuna, por lo que ha sido de vital ayuda para trasladar muestras,\ntomas de laboratorio, insumos m\u00e9dicos y b\u00e1sicos para nuestra implementaci\u00f3n, y\ntambi\u00e9n al personal de Salud en m\u00faltiples ocasiones\u201d, expres\u00f3 la kinesi\u00f3loga\ndel recinto hospitalario, Katherine Cofr\u00e9, agradeciendo la permanente colaboraci\u00f3n\nde la IV\u00aa Brigada A\u00e9rea.<\/p>\n\n\n\n<p>Los aviadores militares\naustrales se mantienen al servicio de la Regi\u00f3n de Magallanes y la Ant\u00e1rtica\nChilena para hacer frente a la pandemia, poniendo a disposici\u00f3n de las\nautoridades sus medios humanos y materiales a fin de mitigar sus efectos y\napoyar a la comunidad ante este complejo escenario.<\/p>\n","protected":false},"excerpt":{"rendered":"<p>El Grupo de Aviaci\u00f3n N\u00b06 de la IV\u00aa Brigada A\u00e9rea materializ\u00f3 un nuevo apoyo a la comunidad austral, en el marco de la emergencia sanitaria, trasladando desde Puerto Williams hasta&#8230; <a class=\"read-more\" href=\"https:\/\/www.radiopresidenteibanez.cl\/web\/un-nuevo-apoyo-en-el-traslado-de-carga-sanitaria-efectuo-la-iva-brigada-aerea-desde-puerto-williams\/\">Leer m\u00e1s<\/a><\/p>\n","protected":false},"author":2,"featured_media":16398,"comment_status":"closed","ping_status":"closed","sticky":false,"template":"","format":"standard","meta":{"footnotes":""},"categories":[1],"tags":[],"class_list":["post-16397","post","type-post","status-publish","format-standard","has-post-thumbnail","hentry","category-cronica"],"_links":{"self":[{"href":"https:\/\/www.radiopresidenteibanez.cl\/web\/wp-json\/wp\/v2\/posts\/16397","targetHints":{"allow":["GET"]}}],"collection":[{"href":"https:\/\/www.radiopresidenteibanez.cl\/web\/wp-json\/wp\/v2\/posts"}],"about":[{"href":"https:\/\/www.radiopresidenteibanez.cl\/web\/wp-json\/wp\/v2\/types\/post"}],"author":[{"embeddable":true,"href":"https:\/\/www.radiopresidenteibanez.cl\/web\/wp-json\/wp\/v2\/users\/2"}],"replies":[{"embeddable":true,"href":"https:\/\/www.radiopresidenteibanez.cl\/web\/wp-json\/wp\/v2\/comments?post=16397"}],"version-history":[{"count":0,"href":"https:\/\/www.radiopresidenteibanez.cl\/web\/wp-json\/wp\/v2\/posts\/16397\/revisions"}],"wp:featuredmedia":[{"embeddable":true,"href":"https:\/\/www.radiopresidenteibanez.cl\/web\/wp-json\/wp\/v2\/media\/16398"}],"wp:attachment":[{"href":"https:\/\/www.radiopresidenteibanez.cl\/web\/wp-json\/wp\/v2\/media?parent=16397"}],"wp:term":[{"taxonomy":"category","embeddable":true,"href":"https:\/\/www.radiopresidenteibanez.cl\/web\/wp-json\/wp\/v2\/categories?post=16397"},{"taxonomy":"post_tag","embeddable":true,"href":"https:\/\/www.radiopresidenteibanez.cl\/web\/wp-json\/wp\/v2\/tags?post=16397"}],"curies":[{"name":"wp","href":"https:\/\/api.w.org\/{rel}","templated":true}]}}