{"id":16394,"date":"2020-11-26T03:00:00","date_gmt":"2020-11-26T03:00:00","guid":{"rendered":"https:\/\/www.radiopresidenteibanez.cl\/web\/?p=16394"},"modified":"2020-11-25T20:12:37","modified_gmt":"2020-11-25T20:12:37","slug":"ministerio-de-educacion-lanza-programa-radial-aprendo-fm","status":"publish","type":"post","link":"https:\/\/www.radiopresidenteibanez.cl\/web\/ministerio-de-educacion-lanza-programa-radial-aprendo-fm\/","title":{"rendered":"MINISTERIO DE EDUCACI\u00d3N LANZA PROGRAMA RADIAL \u201cAPRENDO FM\u201d"},"content":{"rendered":"\n<p>Ya se encuentra disponible&nbsp;<strong>Aprendo FM<\/strong>, iniciativa del Ministerio de Educaci\u00f3n, que busca apoyar a los estudiantes&nbsp;<strong>de 7mo a 4to medio<\/strong><em>&nbsp;<\/em>del pa\u00eds a trav\u00e9s de la emisi\u00f3n de clases radiales a lo largo del pa\u00eds.<\/p>\n\n\n\n<p>\u201cA trav\u00e9s de este programa pedag\u00f3gico radial es posible amplificar y apoyar la entrega de contenidos educativos a los estudiantes del pa\u00eds, mientras contin\u00fae el contexto de crisis sanitaria. De la misma forma que lo hacemos a trav\u00e9s del bloque educativo Aprendo TV, Aprendo FM busca aportar a la educaci\u00f3n de miles de j\u00f3venes en localidades donde existe conectividad limitada, a trav\u00e9s de formatos did\u00e1cticos y contenidos esenciales, alineados a la priorizaci\u00f3n curricular\u201d,&nbsp;<strong>se\u00f1al\u00f3 el Subsecretario de Educaci\u00f3n,<\/strong><strong>&nbsp;<\/strong><strong>Jorge Poblete.<\/strong><\/p>\n\n\n\n<p>La iniciativa cuenta con&nbsp;contenidos alineados a&nbsp;la priorizaci\u00f3n curricular y se&nbsp;encuentra disponible en&nbsp;el portal educativo&nbsp;<a href=\"https:\/\/www.curriculumnacional.cl\/estudiantes\/Aprendo-en-linea\/Aprendo-FM\/223682:Aprendo-FM\" target=\"_blank\" rel=\"noreferrer noopener\">Aprendo en L\u00ednea<\/a>&nbsp;del Mineduc,&nbsp;<a href=\"https:\/\/open.spotify.com\/show\/5hqnV2kUOOFUomVwDCuwoG?si=HVqijiVBTYGmDyzqET9q6A\" target=\"_blank\" rel=\"noreferrer noopener\">Spotify<\/a>&nbsp;y en&nbsp;122 radios regionales distribuidas desde Arica hasta Magallanes, exceptuando la Regi\u00f3n Metropolitana.&nbsp;Semanalmente se emitir\u00e1n&nbsp;15 cap\u00edtulos de 10 minutos cada uno, segmentados en tres niveles integrados, considerando clases para 7\u00b0 y 8\u00b0; 1\u00b0 y 2\u00b0 y para 3\u00b0 y 4\u00b0 medio.<\/p>\n\n\n\n<p>Siguiendo la misma programaci\u00f3n del bloque Aprendo TV del canal TV Educa, los lunes estar\u00e1n asignados a la asignatura de Lenguaje y los martes a Ciencias. Por su parte, Matem\u00e1ticas se transmitir\u00e1 los mi\u00e9rcoles e Historia los jueves. Los d\u00edas viernes se desarrollar\u00e1n contenidos de Educaci\u00f3n F\u00edsica y Orientaci\u00f3n.<\/p>\n\n\n\n<p>Aprendo FM es parte de una serie de iniciativas ministeriales creadas para reforzar los aprendizajes de los estudiantes del pa\u00eds a trav\u00e9s de televisi\u00f3n y radio, llegando as\u00ed a sectores con conectividad limitada. Adem\u00e1s de este proyecto, la Unidad de Curriculum y Evaluaci\u00f3n (UCE) del Ministerio de Educaci\u00f3n gener\u00f3 las c\u00e1psulas radiales \u201cLa Huella de Chile\u201d, espacio dedicado a relevar personajes destacados de nuestra historia y desarroll\u00f3 un proyecto de colaboraci\u00f3n con la Fundaci\u00f3n Consejo de Curso, en el marco del programa Trampol\u00edn FM, emisora digital que, entre sus contenidos, incluy\u00f3 una serie de 20 cuentacuentos para estudiantes de primero y segundo b\u00e1sico.<\/p>\n\n\n\n<p>La programaci\u00f3n actualizada de Aprendo FM, se encuentra disponible en la web de&nbsp;<a href=\"https:\/\/www.mineduc.cl\/wp-content\/uploads\/sites\/19\/2020\/11\/HorariosAprendoFM.pdf\" target=\"_blank\" rel=\"noreferrer noopener\">Mineduc<\/a>.<\/p>\n\n\n\n<p>Programaci\u00f3n aqu\u00ed&nbsp;<a href=\"https:\/\/nam02.safelinks.protection.outlook.com\/?url=https%3A%2F%2Fwww.mineduc.cl%2Fhorarios-aprendo-fm%2F&amp;data=04%7C01%7Cpaulina.fernandezh%40mineduc.cl%7C7e987a499a434430447e08d891755edb%7C2e4cfe500580414093874ecde39def60%7C1%7C0%7C637419280597824732%7CUnknown%7CTWFpbGZsb3d8eyJWIjoiMC4wLjAwMDAiLCJQIjoiV2luMzIiLCJBTiI6Ik1haWwiLCJXVCI6Mn0%3D%7C1000&amp;sdata=Rj1zEjEvoHBODwKfcIJx4xzniaTmdrcQCSSdRhAJtPg%3D&amp;reserved=0\" target=\"_blank\" rel=\"noreferrer noopener\">https:\/\/www.mineduc.cl\/horarios-aprendo-fm\/<\/a><\/p>\n","protected":false},"excerpt":{"rendered":"<p>Ya se encuentra disponible&nbsp;Aprendo FM, iniciativa del Ministerio de Educaci\u00f3n, que busca apoyar a los estudiantes&nbsp;de 7mo a 4to medio&nbsp;del pa\u00eds a trav\u00e9s de la emisi\u00f3n de clases radiales a&#8230; <a class=\"read-more\" href=\"https:\/\/www.radiopresidenteibanez.cl\/web\/ministerio-de-educacion-lanza-programa-radial-aprendo-fm\/\">Leer m\u00e1s<\/a><\/p>\n","protected":false},"author":2,"featured_media":16395,"comment_status":"closed","ping_status":"closed","sticky":false,"template":"","format":"standard","meta":{"footnotes":""},"categories":[1],"tags":[],"class_list":["post-16394","post","type-post","status-publish","format-standard","has-post-thumbnail","hentry","category-cronica"],"_links":{"self":[{"href":"https:\/\/www.radiopresidenteibanez.cl\/web\/wp-json\/wp\/v2\/posts\/16394","targetHints":{"allow":["GET"]}}],"collection":[{"href":"https:\/\/www.radiopresidenteibanez.cl\/web\/wp-json\/wp\/v2\/posts"}],"about":[{"href":"https:\/\/www.radiopresidenteibanez.cl\/web\/wp-json\/wp\/v2\/types\/post"}],"author":[{"embeddable":true,"href":"https:\/\/www.radiopresidenteibanez.cl\/web\/wp-json\/wp\/v2\/users\/2"}],"replies":[{"embeddable":true,"href":"https:\/\/www.radiopresidenteibanez.cl\/web\/wp-json\/wp\/v2\/comments?post=16394"}],"version-history":[{"count":0,"href":"https:\/\/www.radiopresidenteibanez.cl\/web\/wp-json\/wp\/v2\/posts\/16394\/revisions"}],"wp:featuredmedia":[{"embeddable":true,"href":"https:\/\/www.radiopresidenteibanez.cl\/web\/wp-json\/wp\/v2\/media\/16395"}],"wp:attachment":[{"href":"https:\/\/www.radiopresidenteibanez.cl\/web\/wp-json\/wp\/v2\/media?parent=16394"}],"wp:term":[{"taxonomy":"category","embeddable":true,"href":"https:\/\/www.radiopresidenteibanez.cl\/web\/wp-json\/wp\/v2\/categories?post=16394"},{"taxonomy":"post_tag","embeddable":true,"href":"https:\/\/www.radiopresidenteibanez.cl\/web\/wp-json\/wp\/v2\/tags?post=16394"}],"curies":[{"name":"wp","href":"https:\/\/api.w.org\/{rel}","templated":true}]}}