{"id":16388,"date":"2020-11-26T02:30:00","date_gmt":"2020-11-26T02:30:00","guid":{"rendered":"https:\/\/www.radiopresidenteibanez.cl\/web\/?p=16388"},"modified":"2020-11-25T20:08:33","modified_gmt":"2020-11-25T20:08:33","slug":"seremi-de-educacion-entrego-material-de-apoyo-en-ingles-a-establecimientos-tecnico-profesionales","status":"publish","type":"post","link":"https:\/\/www.radiopresidenteibanez.cl\/web\/seremi-de-educacion-entrego-material-de-apoyo-en-ingles-a-establecimientos-tecnico-profesionales\/","title":{"rendered":"SEREMI DE EDUCACI\u00d3N ENTREG\u00d3 MATERIAL DE APOYO EN INGL\u00c9S A ESTABLECIMIENTOS T\u00c9CNICO PROFESIONALES"},"content":{"rendered":"\n<p>Durante los \u00faltimos a\u00f1os se ha realzado la importancia de la formaci\u00f3n t\u00e9cnica en nuestro pa\u00eds, al reconocer su potencial modernizador para el desarrollo de Chile. Es por esto que se han puesto en marcha distintas medidas que buscan mejorar y fortalecer la educaci\u00f3n T\u00e9cnico Profesional.<\/p>\n\n\n\n<p>El Ministerio de Educaci\u00f3n, a trav\u00e9s del Programa Ingl\u00e9s Abre Puertas, contribuye con esta labor creando y distribuyendo materiales enfocados en el desarrollo integrado de las habilidades ling\u00fc\u00edsticas y el aprendizaje de vocabulario t\u00e9cnico, ambos aspectos cr\u00edticos para el abordaje de los desaf\u00edos actuales del mundo laboral y de las diversas \u00e1reas de estudio.<\/p>\n\n\n\n<p>En ese contexto, y respondiendo a la demanda y necesidades de recursos de aprendizaje atingentes a las diferentes especialidades impartidas en la Ense\u00f1anza Media T\u00e9cnico Profesional, el Seremi de Educaci\u00f3n de Magallanes, Rodrigo Sep\u00falveda Tagle hizo entrega de cinco cuadernos de actividades (Booklets) a establecimientos TP de la comuna, cuyo objetivo es vincular la asignatura de ingl\u00e9s con las experiencias de los sectores productivos. De este modo los apoyos did\u00e1cticos para la ense\u00f1anza de estas \u00e1reas t\u00e9cnicas se implementan de forma progresiva, comenzando desde 3\u00ba medio con las especialidades beneficiadas en nuestra regi\u00f3n: Administraci\u00f3n, Contabilidad y Electricidad.<\/p>\n\n\n\n<p>Los establecimientos educacionales TP que fueron beneficiados fueron Liceo Bicentenario Instituto Superior de Comercio (contabilidad y administraci\u00f3n); Liceo Polit\u00e9cnico Cardenal Ra\u00fal Silva Henr\u00edquez e&nbsp;Instituto Sagrada Familia (administraci\u00f3n);&nbsp;Instituto Don Bosco y Liceo Industrial Armando Quezada Acharan (electr\u00f3nica).<\/p>\n\n\n\n<p>\u201cEs importante destacar que hoy en d\u00eda resulta urgente el dominio del idioma ingl\u00e9s en diversos campos laborales y \u00e1reas del conocimiento que permita a los futuros t\u00e9cnicos desenvolverse en el mundo del trabajo con seguridad y manejo del idioma ingl\u00e9s. En ese contexto, este material cobra real importancia en el proceso de ense\u00f1anza \u2013 aprendizaje del idioma\u201d, destac\u00f3 el&nbsp;<strong>Seremi de Educaci\u00f3n de Magallanes Rodrigo Sep\u00falveda Tagle.<\/strong><\/p>\n\n\n\n<p>Por su parte,&nbsp;<strong>Jorge G\u00f3mez \u00c1vila, director del Liceo Polit\u00e9cnico Cardenal Ra\u00fal Silva Henr\u00edquez<\/strong>, agradeci\u00f3 el material. \u201cAgradecido en nombre del equipo t\u00e9cnico y los estudiantes que por primera vez est\u00e1n recibiendo estos textos para los establecimientos t\u00e9cnico-profesionales. Nuestra especialidad es administraci\u00f3n, por lo que este material les permitir\u00e1 apoyar sus estudios y continuar desempe\u00f1\u00e1ndose bien en el futuro. Es importante el idioma ingl\u00e9s, al ser el idioma universal. La mayor\u00eda de los textos de estudio t\u00e9cnico de esta especialidad est\u00e1n en ingl\u00e9s; por tanto, debemos reforzar lo que aprenden nuestros muchachos y que con este texto ayudar\u00e1 en su formaci\u00f3n del ingl\u00e9s\u201d.<\/p>\n\n\n\n<p>Finalmente,&nbsp;<strong>Mar\u00eda Alejandra Figueroa, representante del Instituto Don Bosco<\/strong>&nbsp;destac\u00f3 la importancia del programa ingl\u00e9s Abre Puertas. \u201cEste programa viene a desarrollar estrategias en cuanto al manejo y dominio t\u00e9cnico del lenguaje ingl\u00e9s en el \u00e1rea de electr\u00f3nica, que es nuestra especialidad. Que nuestros estudiantes sepan ingl\u00e9s les abrir\u00e1 puertas para alcanzar un mejor futuro para nuestros chicos. Estamos muy contentos de recibir este material que, en cantidad, abarcar\u00e1 la totalidad de la matricula en esta \u00e1rea\u201d.<\/p>\n\n\n\n<p>La entrega de este material estar\u00e1 acompa\u00f1ada de una capacitaci\u00f3n entregada a docentes de ingl\u00e9s en ejercicio en establecimientos t\u00e9cnico-profesionales, mediante versi\u00f3n online llamada \u201cTP Training\u201d en una colaboraci\u00f3n entre el Programa Ingl\u00e9s Abre Puertas y el British Council, con el objetivo de responder a la actualizaci\u00f3n de conocimientos pedag\u00f3gicos y metodol\u00f3gicos, para as\u00ed contribuir al fortalecimiento de la ense\u00f1anza del idioma en la formaci\u00f3n diferenciada.<\/p>\n\n\n\n<p>Los Booklets se encuentran disponibles de forma digital para su descarga en el sitio web del Programa Ingl\u00e9s Abre Puertas&nbsp;<a href=\"http:\/\/www.ingles.mineduc.cl\/\" target=\"_blank\" rel=\"noreferrer noopener\">www.ingles.mineduc.cl<\/a><\/p>\n","protected":false},"excerpt":{"rendered":"<p>Durante los \u00faltimos a\u00f1os se ha realzado la importancia de la formaci\u00f3n t\u00e9cnica en nuestro pa\u00eds, al reconocer su potencial modernizador para el desarrollo de Chile. Es por esto que&#8230; <a class=\"read-more\" href=\"https:\/\/www.radiopresidenteibanez.cl\/web\/seremi-de-educacion-entrego-material-de-apoyo-en-ingles-a-establecimientos-tecnico-profesionales\/\">Leer m\u00e1s<\/a><\/p>\n","protected":false},"author":2,"featured_media":16389,"comment_status":"closed","ping_status":"closed","sticky":false,"template":"","format":"standard","meta":{"footnotes":""},"categories":[1],"tags":[],"class_list":["post-16388","post","type-post","status-publish","format-standard","has-post-thumbnail","hentry","category-cronica"],"_links":{"self":[{"href":"https:\/\/www.radiopresidenteibanez.cl\/web\/wp-json\/wp\/v2\/posts\/16388","targetHints":{"allow":["GET"]}}],"collection":[{"href":"https:\/\/www.radiopresidenteibanez.cl\/web\/wp-json\/wp\/v2\/posts"}],"about":[{"href":"https:\/\/www.radiopresidenteibanez.cl\/web\/wp-json\/wp\/v2\/types\/post"}],"author":[{"embeddable":true,"href":"https:\/\/www.radiopresidenteibanez.cl\/web\/wp-json\/wp\/v2\/users\/2"}],"replies":[{"embeddable":true,"href":"https:\/\/www.radiopresidenteibanez.cl\/web\/wp-json\/wp\/v2\/comments?post=16388"}],"version-history":[{"count":0,"href":"https:\/\/www.radiopresidenteibanez.cl\/web\/wp-json\/wp\/v2\/posts\/16388\/revisions"}],"wp:featuredmedia":[{"embeddable":true,"href":"https:\/\/www.radiopresidenteibanez.cl\/web\/wp-json\/wp\/v2\/media\/16389"}],"wp:attachment":[{"href":"https:\/\/www.radiopresidenteibanez.cl\/web\/wp-json\/wp\/v2\/media?parent=16388"}],"wp:term":[{"taxonomy":"category","embeddable":true,"href":"https:\/\/www.radiopresidenteibanez.cl\/web\/wp-json\/wp\/v2\/categories?post=16388"},{"taxonomy":"post_tag","embeddable":true,"href":"https:\/\/www.radiopresidenteibanez.cl\/web\/wp-json\/wp\/v2\/tags?post=16388"}],"curies":[{"name":"wp","href":"https:\/\/api.w.org\/{rel}","templated":true}]}}