{"id":16385,"date":"2020-11-26T02:15:00","date_gmt":"2020-11-26T02:15:00","guid":{"rendered":"https:\/\/www.radiopresidenteibanez.cl\/web\/?p=16385"},"modified":"2020-11-25T16:16:51","modified_gmt":"2020-11-25T16:16:51","slug":"concejala-veronica-aguilar-celebra-la-publicacion-en-el-diario-oficial-del-reglamento-de-humedales","status":"publish","type":"post","link":"https:\/\/www.radiopresidenteibanez.cl\/web\/concejala-veronica-aguilar-celebra-la-publicacion-en-el-diario-oficial-del-reglamento-de-humedales\/","title":{"rendered":"CONCEJALA VERONICA AGUILAR CELEBRA LA PUBLICACI\u00d3N EN EL DIARIO OFICIAL DEL REGLAMENTO DE HUMEDALES"},"content":{"rendered":"\n<p>Despu\u00e9s de un trabajo in\u00e9dito que comprometi\u00f3\nla participaci\u00f3n de diversas organizaciones a nivel nacional, el Ministerio de\nMedio Ambiente publico en Enero del 2020 la Ley 21.202 que protege los\nHumedales Urbanos del pa\u00eds.<\/p>\n\n\n\n<p>Sin embargo, fue letra muerta por muchos meses\npues el reglamento de la misma no hab\u00eda sido publicada en el Diario Oficial.&nbsp; Es as\u00ed como despu\u00e9s de muchos meses y de\npresiones de diversas organizaciones sociales, entre ellas la Agrupaci\u00f3n\nHumedal Tres Puentes, el Reglamento de la ley, fue publicada en el Diario\nOficial. Esto permite implementar acciones concretas para la protecci\u00f3n de\nhumedales del pa\u00eds.<\/p>\n\n\n\n<p>Seg\u00fan explico la concejala y presidenta de la comisi\u00f3n\nde Medio Ambiente, Ver\u00f3nica Aguilar, esta ley y su reglamento permite declarar,\nproteger y conservar los humedales urbanos del pa\u00eds, el Ministerio podr\u00e1 apoyar\na los municipios en diversas iniciativas que busquen el resguardo de nuestros\nhumedales, y &nbsp;nos permitir\u00e1 iniciar un\ntrabajo de una ordenanza municipal de Punta Arenas.<\/p>\n\n\n\n<p>Para eso, aseguro la concejala Aguilar, ya se\nconvoc\u00f3 a la comisi\u00f3n de Medio Ambiente para este lunes, en donde se espera\nconocer los alcances de la misma a trav\u00e9s de la seremi de Medio Ambiente, con\nrespecto a la declaraci\u00f3n y clasificaci\u00f3n de nuestros espacios que tienen\ncaracter\u00edsticas de humedal urbano y as\u00ed tambi\u00e9n, dar inicio a los procesos\nrespectivos para nuestra futura ordenanza municipal.<\/p>\n","protected":false},"excerpt":{"rendered":"<p>Despu\u00e9s de un trabajo in\u00e9dito que comprometi\u00f3 la participaci\u00f3n de diversas organizaciones a nivel nacional, el Ministerio de Medio Ambiente publico en Enero del 2020 la Ley 21.202 que protege&#8230; <a class=\"read-more\" href=\"https:\/\/www.radiopresidenteibanez.cl\/web\/concejala-veronica-aguilar-celebra-la-publicacion-en-el-diario-oficial-del-reglamento-de-humedales\/\">Leer m\u00e1s<\/a><\/p>\n","protected":false},"author":2,"featured_media":5663,"comment_status":"closed","ping_status":"closed","sticky":false,"template":"","format":"standard","meta":{"footnotes":""},"categories":[1],"tags":[],"class_list":["post-16385","post","type-post","status-publish","format-standard","has-post-thumbnail","hentry","category-cronica"],"_links":{"self":[{"href":"https:\/\/www.radiopresidenteibanez.cl\/web\/wp-json\/wp\/v2\/posts\/16385","targetHints":{"allow":["GET"]}}],"collection":[{"href":"https:\/\/www.radiopresidenteibanez.cl\/web\/wp-json\/wp\/v2\/posts"}],"about":[{"href":"https:\/\/www.radiopresidenteibanez.cl\/web\/wp-json\/wp\/v2\/types\/post"}],"author":[{"embeddable":true,"href":"https:\/\/www.radiopresidenteibanez.cl\/web\/wp-json\/wp\/v2\/users\/2"}],"replies":[{"embeddable":true,"href":"https:\/\/www.radiopresidenteibanez.cl\/web\/wp-json\/wp\/v2\/comments?post=16385"}],"version-history":[{"count":0,"href":"https:\/\/www.radiopresidenteibanez.cl\/web\/wp-json\/wp\/v2\/posts\/16385\/revisions"}],"wp:featuredmedia":[{"embeddable":true,"href":"https:\/\/www.radiopresidenteibanez.cl\/web\/wp-json\/wp\/v2\/media\/5663"}],"wp:attachment":[{"href":"https:\/\/www.radiopresidenteibanez.cl\/web\/wp-json\/wp\/v2\/media?parent=16385"}],"wp:term":[{"taxonomy":"category","embeddable":true,"href":"https:\/\/www.radiopresidenteibanez.cl\/web\/wp-json\/wp\/v2\/categories?post=16385"},{"taxonomy":"post_tag","embeddable":true,"href":"https:\/\/www.radiopresidenteibanez.cl\/web\/wp-json\/wp\/v2\/tags?post=16385"}],"curies":[{"name":"wp","href":"https:\/\/api.w.org\/{rel}","templated":true}]}}