{"id":16377,"date":"2020-11-25T12:36:28","date_gmt":"2020-11-25T12:36:28","guid":{"rendered":"https:\/\/www.radiopresidenteibanez.cl\/web\/?p=16377"},"modified":"2020-11-25T12:36:33","modified_gmt":"2020-11-25T12:36:33","slug":"asociacion-agtae-se-conforma-en-magallanes-en-defensa-de-los-emprendedores-y-trabajadores-tecnicos-del-arte-y-el-espectaculo","status":"publish","type":"post","link":"https:\/\/www.radiopresidenteibanez.cl\/web\/asociacion-agtae-se-conforma-en-magallanes-en-defensa-de-los-emprendedores-y-trabajadores-tecnicos-del-arte-y-el-espectaculo\/","title":{"rendered":"ASOCIACI\u00d3N AGTAE SE CONFORMA EN MAGALLANES EN DEFENSA DE LOS EMPRENDEDORES Y TRABAJADORES T\u00c9CNICOS DEL ARTE Y EL ESPECT\u00c1CULO"},"content":{"rendered":"\n<p>El escenario de crisis pol\u00edtica, social, econ\u00f3mica y\nsanitaria que se vive en Chile y en particular en la Regi\u00f3n de Magallanes han\nafectado a la inmensa mayor\u00eda de los sectores productivos que gerneran empleo y\nmovimiento de la economia nacional. En ese contexto las empresas,\nemprendedores, trabajadoras y trabajadores de la industria del espect\u00e1culo y la\nproducci\u00f3n de eventos son los que m\u00e1s han sufrido por efecto de este complejo\npanorama, considerando que la situaci\u00f3n actual impide reuniones masivas tal como\nes la naturaleza del espect\u00e1culo.<\/p>\n\n\n\n<p>En respuesta a ello,\nemprendedores y trabajadores de Magallanes han determinado conformarse como\nfilial Magallanes de AGTAE, Asociaci\u00f3n Gremial de Trabajadores de las Artes y el\nEspect\u00e1culo, para organizar y levantar las demandas urgentes del sector y\nemplazar a las autoridades regionales y nacionales a que tomen inter\u00e9s&nbsp; a un importante sector de la econom\u00eda que ha\nsido invisivilizado y que por el contrario aporta con empleo, con crecimiento y\ncon ideas tanto para el sector p\u00fablico como privado.<\/p>\n\n\n\n<p>AGTAE Magallanes se ha conformado\ncomo Asociaci\u00f3n Gremial e interinamente a escogido como delegados a Belinda Mac\nLeay, &nbsp;Jaime Almonacid, V\u00edctor Mansilla, Cristian\nVera, Erica Munzenmayer, Karol Ulloa, Javier Mar\u00edn y Rodrigo Barr\u00eda, que tendr\u00e1\ncomo tarea inmediata organizar comisiones y levantar las leg\u00edtimas demandas del\nsector. <\/p>\n\n\n\n<p>Entre las demandas urgentes&nbsp; que solicita la organizaci\u00f3n se encuentra el\nretorno de los espect\u00e1culos y eventos para todos Magallanes, la apertura de los\ncentros de eventos, reconocimiento y visivilizaci\u00f3n de la industria de la\nproducci\u00f3n de eventos y el apoyo econ\u00f3mico real del Estado a partir de conocer\nlas inmensas p\u00e9rdidas del sector,&nbsp; apoyo\nque debe expresarse en forma equitativa y justa para las empresas que con\ncrueldad han mermado sus ingresos durante el periodo de 1 a\u00f1o, en torno a\ncrisis que no sabe cuando llegar\u00e1 a t\u00e9rmino, lo que le ha significado cerrar\nestablecimientos, realizar despidos, perder sus inversiones y obligatoriamente\ntener que \u201creinventarse\u201d en rubros que no son parte de su especializaci\u00f3n.<\/p>\n\n\n\n<p>Al mismo tiempo AGTAE Magallanes\naboga por la profesionalizaci\u00f3n de esta industria, invitando a socios a\ntrabajar en conjunto para mejorar las pr\u00e1cticas laborales, mejorar la calidad y\nla seguridad de los trabajadores, desarrollar planes de capacitaci\u00f3n que\npermitan aprovechar las cualidades de los trabajadores y trabajadoras, generar\nproyectos que permitan acceder a fondos que ayuden a la industria.<\/p>\n\n\n\n<p>Otras de las activiades que se\nencuentra organizando AGTAE en Magallanes es conocer las necesidades econ\u00f3micas\nde los trabajadores de eventos y espect\u00e1culos, estimando organizar beneficios\ncomo rifas y bingos para apoyarlos. <\/p>\n\n\n\n<p>Exigimos a la autoridad una\ninterlocuci\u00f3n directa con la Intendenta Regional, Sra Jennifer Rojas y la\nconformaci\u00f3n de una mesa de trabajo que integre a los sectores econ\u00f3micos de la\nregi\u00f3n con los cuales el sector de los eventos se relaciona estrechamente,\nentre ellos, turismo, econom\u00eda, municipalidades, deportes.<\/p>\n\n\n\n<p>En lo inmediato AGTAE esta abocada a la creaci\u00f3n de un\ncabildo a nivel regional para conocer en detalle las necesidades del sector. Se\nespera que al cabo de estas acciones la organizaci\u00f3n reuna a m\u00e1s de 1800 socios\na nivel nacional que actualmente conforma AGTAE,&nbsp; representado por sus filiales regionales, y\ncon gran participaci\u00f3n de la filial Magallanes.<\/p>\n","protected":false},"excerpt":{"rendered":"<p>El escenario de crisis pol\u00edtica, social, econ\u00f3mica y sanitaria que se vive en Chile y en particular en la Regi\u00f3n de Magallanes han afectado a la inmensa mayor\u00eda de los&#8230; <a class=\"read-more\" href=\"https:\/\/www.radiopresidenteibanez.cl\/web\/asociacion-agtae-se-conforma-en-magallanes-en-defensa-de-los-emprendedores-y-trabajadores-tecnicos-del-arte-y-el-espectaculo\/\">Leer m\u00e1s<\/a><\/p>\n","protected":false},"author":2,"featured_media":16378,"comment_status":"closed","ping_status":"closed","sticky":false,"template":"","format":"standard","meta":{"footnotes":""},"categories":[1],"tags":[],"class_list":["post-16377","post","type-post","status-publish","format-standard","has-post-thumbnail","hentry","category-cronica"],"_links":{"self":[{"href":"https:\/\/www.radiopresidenteibanez.cl\/web\/wp-json\/wp\/v2\/posts\/16377","targetHints":{"allow":["GET"]}}],"collection":[{"href":"https:\/\/www.radiopresidenteibanez.cl\/web\/wp-json\/wp\/v2\/posts"}],"about":[{"href":"https:\/\/www.radiopresidenteibanez.cl\/web\/wp-json\/wp\/v2\/types\/post"}],"author":[{"embeddable":true,"href":"https:\/\/www.radiopresidenteibanez.cl\/web\/wp-json\/wp\/v2\/users\/2"}],"replies":[{"embeddable":true,"href":"https:\/\/www.radiopresidenteibanez.cl\/web\/wp-json\/wp\/v2\/comments?post=16377"}],"version-history":[{"count":0,"href":"https:\/\/www.radiopresidenteibanez.cl\/web\/wp-json\/wp\/v2\/posts\/16377\/revisions"}],"wp:featuredmedia":[{"embeddable":true,"href":"https:\/\/www.radiopresidenteibanez.cl\/web\/wp-json\/wp\/v2\/media\/16378"}],"wp:attachment":[{"href":"https:\/\/www.radiopresidenteibanez.cl\/web\/wp-json\/wp\/v2\/media?parent=16377"}],"wp:term":[{"taxonomy":"category","embeddable":true,"href":"https:\/\/www.radiopresidenteibanez.cl\/web\/wp-json\/wp\/v2\/categories?post=16377"},{"taxonomy":"post_tag","embeddable":true,"href":"https:\/\/www.radiopresidenteibanez.cl\/web\/wp-json\/wp\/v2\/tags?post=16377"}],"curies":[{"name":"wp","href":"https:\/\/api.w.org\/{rel}","templated":true}]}}