{"id":16374,"date":"2020-11-25T12:26:34","date_gmt":"2020-11-25T12:26:34","guid":{"rendered":"https:\/\/www.radiopresidenteibanez.cl\/web\/?p=16374"},"modified":"2020-11-25T12:26:39","modified_gmt":"2020-11-25T12:26:39","slug":"asume-nuevo-jefe-provincial-de-la-pdi","status":"publish","type":"post","link":"https:\/\/www.radiopresidenteibanez.cl\/web\/asume-nuevo-jefe-provincial-de-la-pdi\/","title":{"rendered":"ASUME NUEVO JEFE PROVINCIAL DE LA PDI"},"content":{"rendered":"\n<p>La\ntarde de este martes, en dependencias del auditorio del Complejo Policial de la\nPDI en Punta Arenas, se materializ\u00f3 la ceremonia de Entrega y Recepci\u00f3n de la Prefectura\nProvincial Magallanes, asumiendo la jefatura el Prefecto Juan Suazo L\u00f3pez.<\/p>\n\n\n\n<p>La\nactividad estuvo presidida por el Prefecto Inspector V\u00edctor Arriagada Mauna,\njefe de la Regi\u00f3n Policial de Magallanes y la Ant\u00e1rtica Chilena y cont\u00f3 con la\npresencia de los jefes de las unidades operativas. En la instancia, la Prefecta\nClaudia Dom\u00ednguez Leiva, hizo entrega del mando provincial, tras ser nombrada\ncomo nueva jefa regional de Arica y Parinacota.<\/p>\n\n\n\n<p>Tras\nla ceremonia, la Prefecta agradeci\u00f3 el apoyo que las autoridades brindaron a la\nlabor realizada por la instituci\u00f3n. Se\u00f1al\u00f3 que, a pesar de las contingencias, la\nPDI ha seguido trabajando y ha redoblado sus esfuerzos para el esclarecimiento\nde los delitos como, por ejemplo, robos y homicidios y que continuar\u00e1 abocada\nen esta senda, en beneficio de la comunidad y la ciudadan\u00eda. <\/p>\n\n\n\n<p>El\nnuevo jefe provincial de la polic\u00eda civil, Prefecto Juan Suazo L\u00f3pez, asumi\u00f3 el\ncompromiso de lograr que aquellas investigaciones que est\u00e1n en este momento en\ncurso lleguen a buen t\u00e9rmino y que la Polic\u00eda de Investigaciones siga adelante\nen sus niveles de credibilidad, imagen y confianza de la ciudadan\u00eda. <\/p>\n","protected":false},"excerpt":{"rendered":"<p>La tarde de este martes, en dependencias del auditorio del Complejo Policial de la PDI en Punta Arenas, se materializ\u00f3 la ceremonia de Entrega y Recepci\u00f3n de la Prefectura Provincial&#8230; <a class=\"read-more\" href=\"https:\/\/www.radiopresidenteibanez.cl\/web\/asume-nuevo-jefe-provincial-de-la-pdi\/\">Leer m\u00e1s<\/a><\/p>\n","protected":false},"author":2,"featured_media":16375,"comment_status":"closed","ping_status":"closed","sticky":false,"template":"","format":"standard","meta":{"footnotes":""},"categories":[1],"tags":[],"class_list":["post-16374","post","type-post","status-publish","format-standard","has-post-thumbnail","hentry","category-cronica"],"_links":{"self":[{"href":"https:\/\/www.radiopresidenteibanez.cl\/web\/wp-json\/wp\/v2\/posts\/16374","targetHints":{"allow":["GET"]}}],"collection":[{"href":"https:\/\/www.radiopresidenteibanez.cl\/web\/wp-json\/wp\/v2\/posts"}],"about":[{"href":"https:\/\/www.radiopresidenteibanez.cl\/web\/wp-json\/wp\/v2\/types\/post"}],"author":[{"embeddable":true,"href":"https:\/\/www.radiopresidenteibanez.cl\/web\/wp-json\/wp\/v2\/users\/2"}],"replies":[{"embeddable":true,"href":"https:\/\/www.radiopresidenteibanez.cl\/web\/wp-json\/wp\/v2\/comments?post=16374"}],"version-history":[{"count":0,"href":"https:\/\/www.radiopresidenteibanez.cl\/web\/wp-json\/wp\/v2\/posts\/16374\/revisions"}],"wp:featuredmedia":[{"embeddable":true,"href":"https:\/\/www.radiopresidenteibanez.cl\/web\/wp-json\/wp\/v2\/media\/16375"}],"wp:attachment":[{"href":"https:\/\/www.radiopresidenteibanez.cl\/web\/wp-json\/wp\/v2\/media?parent=16374"}],"wp:term":[{"taxonomy":"category","embeddable":true,"href":"https:\/\/www.radiopresidenteibanez.cl\/web\/wp-json\/wp\/v2\/categories?post=16374"},{"taxonomy":"post_tag","embeddable":true,"href":"https:\/\/www.radiopresidenteibanez.cl\/web\/wp-json\/wp\/v2\/tags?post=16374"}],"curies":[{"name":"wp","href":"https:\/\/api.w.org\/{rel}","templated":true}]}}