{"id":16365,"date":"2020-11-25T12:15:53","date_gmt":"2020-11-25T12:15:53","guid":{"rendered":"https:\/\/www.radiopresidenteibanez.cl\/web\/?p=16365"},"modified":"2020-11-25T12:15:58","modified_gmt":"2020-11-25T12:15:58","slug":"con-mas-de-1-300-postulaciones-en-magallanes-finalizo-feria-laboral-patagonica","status":"publish","type":"post","link":"https:\/\/www.radiopresidenteibanez.cl\/web\/con-mas-de-1-300-postulaciones-en-magallanes-finalizo-feria-laboral-patagonica\/","title":{"rendered":"CON M\u00c1S DE 1.300 POSTULACIONES EN MAGALLANES FINALIZ\u00d3 FERIA LABORAL PATAG\u00d3NICA"},"content":{"rendered":"\n<p>Un total de 411 magall\u00e1nicos pudieron\nconcretar su postulaci\u00f3n a una o m\u00e1s vacantes laborales ofrecidas durante el\ndesarrollo de la \u201cFeria Laboral Patag\u00f3nica\u201d, una instancia in\u00e9dita en la\nregi\u00f3n, que finaliz\u00f3 el pasado viernes 20 de noviembre, con lo cual se\ntotalizaron 1.300 postulaciones en los cinco d\u00edas del evento que reuni\u00f3n la\noferta y demanda laboral de la zona en un mismo espacio.<\/p>\n\n\n\n<p>Seg\u00fan expuso la Seremi del Trabajo,\nVictoria Cort\u00e9s Schiattino, tras conocer los datos del balance final de la\nferia, \u201ccomo gobierno del Presidente Sebasti\u00e1n Pi\u00f1era, creemos que, sin duda,\nesta fue una instancia muy importante y valiosa para aquellas personas que se\nencuentran en la b\u00fasqueda de un empleo. Las actuales condiciones sanitarias de\nla regi\u00f3n nos impidieron realizar la feria de manera presencial, como cada a\u00f1o.\nSin embargo, esta primera feria virtual de la Patagonia ha sido un hito muy relevante\npara la reactivaci\u00f3n del empleo regional\u201d.<\/p>\n\n\n\n<p>\u201cAs\u00ed lo demostr\u00f3 el n\u00famero de 411\nmagall\u00e1nicos que ingresaron a los sitios web habilitados para la feria y que\nfinalmente concretaron m\u00e1s de 1.300 postulaciones a las vacantes de empleo\nofrecidas por las empresas participantes. Seg\u00fan el detalle aportado por las\nestad\u00edsticas de la feria, sabemos que m\u00e1s del 80% de quienes postularon se\nencuentran actualmente sin trabajo y poco m\u00e1s del 50% de las aspirantes fueron\nmujeres, lo cual indica lo necesaria que era la realizaci\u00f3n de una feria\nlaboral como esta\u201d, agreg\u00f3 la autoridad.<\/p>\n\n\n\n<p>De acuerdo a los datos relevantes que\nse desprendieron del evento, se registraron un total de 2.479 visitas a la\nferia a trav\u00e9s de los sitios web de Sence y Trabajando.com, de los cuales, 411\npersonas en Magallanes concretaron una o m\u00e1s postulaciones a ofertas de\ntrabajo.<\/p>\n\n\n\n<p>El reporte se\u00f1al\u00f3 que el 73,7% de las\nvisitas se realizaron a trav\u00e9s de tel\u00e9fonos m\u00f3viles versus el 26,3% que lo hizo\na trav\u00e9s de computador de escritorio, siendo la segunda jornada del evento el\nd\u00eda con mayor cantidad de visitas.<\/p>\n\n\n\n<p>Para el director regional de Sence\nMagallanes, Enrique Hern\u00e1ndez Pino, \u201csin duda, esta fue una oportunidad muy\nimportante que, como Sence, pudimos ofrecer a todas aquellas personas que se\nencuentran en la b\u00fasqueda de una oportunidad laboral. Considerando el escenario\nactual y las dificultades que hemos tenido como regi\u00f3n, esperamos haber\ncontribuido a mejorar la empleabilidad de la zona con esta actividad que, por\nprimera vez, realizamos en conjunto con la oficina de Sence Ays\u00e9n, lo cual fue\nmuy provechoso\u201d.<\/p>\n\n\n\n<p>En lo que respecta a la estad\u00edstica de\ng\u00e9nero, el 50,4% de los postulantes fueron mujeres, mientras que el 49,6%\nrepresent\u00f3 a hombres que ingresaron su solicitud a alguna vacante laboral. En\ntanto, las edades mayoritarias de los aspirantes se encontraron entre los 21 a\nlos 30 a\u00f1os, con un 46,2% del total, mientras que poco m\u00e1s de un 15%\ncorrespondi\u00f3 a personas de entre 41 a 50 a\u00f1os de edad.<\/p>\n\n\n\n<p>En cuanto a la situaci\u00f3n laboral, el\n83,9% de los postulantes declar\u00f3 encontrarse sin trabajo, mientras que un 15,8%\nse\u00f1al\u00f3 estar con trabajo y buscando una nueva oportunidad laboral.<\/p>\n\n\n\n<p>En lo referido al detalle de las\nofertas de empleo, las \u00e1reas con mayor cantidad de vacantes fueron: Ventas,\nConstrucci\u00f3n, Ingenier\u00eda, Comercio y Producci\u00f3n y Manufactura. En lo que\nrespecta a los rubros, los mayoritarios fueron: Retail, Construcci\u00f3n, Agroindustria,\nSalmonicultura y Servicios.<\/p>\n\n\n\n<p>Por \u00faltimo, en el detalle de los\ncargos con m\u00e1s postulaciones durante la feria destacaron: Recepcionista,\nEjecutivo de Atenci\u00f3n, Asistente de log\u00edstica, Administrativo, Administrativo\nContable y Vendedor.<\/p>\n\n\n\n<p>Durante el encuentro, las autoridades\nse\u00f1alaron que, a lo largo del territorio, continuar\u00e1n desarroll\u00e1ndose\ninstancias similares a esta, por lo que, invitaron a la comunidad a estar\natentos a nuevas oportunidades a trav\u00e9s de Sence.<\/p>\n","protected":false},"excerpt":{"rendered":"<p>Un total de 411 magall\u00e1nicos pudieron concretar su postulaci\u00f3n a una o m\u00e1s vacantes laborales ofrecidas durante el desarrollo de la \u201cFeria Laboral Patag\u00f3nica\u201d, una instancia in\u00e9dita en la regi\u00f3n,&#8230; <a class=\"read-more\" href=\"https:\/\/www.radiopresidenteibanez.cl\/web\/con-mas-de-1-300-postulaciones-en-magallanes-finalizo-feria-laboral-patagonica\/\">Leer m\u00e1s<\/a><\/p>\n","protected":false},"author":2,"featured_media":16366,"comment_status":"closed","ping_status":"closed","sticky":false,"template":"","format":"standard","meta":{"footnotes":""},"categories":[1],"tags":[],"class_list":["post-16365","post","type-post","status-publish","format-standard","has-post-thumbnail","hentry","category-cronica"],"_links":{"self":[{"href":"https:\/\/www.radiopresidenteibanez.cl\/web\/wp-json\/wp\/v2\/posts\/16365","targetHints":{"allow":["GET"]}}],"collection":[{"href":"https:\/\/www.radiopresidenteibanez.cl\/web\/wp-json\/wp\/v2\/posts"}],"about":[{"href":"https:\/\/www.radiopresidenteibanez.cl\/web\/wp-json\/wp\/v2\/types\/post"}],"author":[{"embeddable":true,"href":"https:\/\/www.radiopresidenteibanez.cl\/web\/wp-json\/wp\/v2\/users\/2"}],"replies":[{"embeddable":true,"href":"https:\/\/www.radiopresidenteibanez.cl\/web\/wp-json\/wp\/v2\/comments?post=16365"}],"version-history":[{"count":0,"href":"https:\/\/www.radiopresidenteibanez.cl\/web\/wp-json\/wp\/v2\/posts\/16365\/revisions"}],"wp:featuredmedia":[{"embeddable":true,"href":"https:\/\/www.radiopresidenteibanez.cl\/web\/wp-json\/wp\/v2\/media\/16366"}],"wp:attachment":[{"href":"https:\/\/www.radiopresidenteibanez.cl\/web\/wp-json\/wp\/v2\/media?parent=16365"}],"wp:term":[{"taxonomy":"category","embeddable":true,"href":"https:\/\/www.radiopresidenteibanez.cl\/web\/wp-json\/wp\/v2\/categories?post=16365"},{"taxonomy":"post_tag","embeddable":true,"href":"https:\/\/www.radiopresidenteibanez.cl\/web\/wp-json\/wp\/v2\/tags?post=16365"}],"curies":[{"name":"wp","href":"https:\/\/api.w.org\/{rel}","templated":true}]}}