{"id":16362,"date":"2020-11-25T12:13:33","date_gmt":"2020-11-25T12:13:33","guid":{"rendered":"https:\/\/www.radiopresidenteibanez.cl\/web\/?p=16362"},"modified":"2020-11-25T12:13:38","modified_gmt":"2020-11-25T12:13:38","slug":"festival-guitarras-del-mundo-2020-en-el-ultimo-tren-a-casa","status":"publish","type":"post","link":"https:\/\/www.radiopresidenteibanez.cl\/web\/festival-guitarras-del-mundo-2020-en-el-ultimo-tren-a-casa\/","title":{"rendered":"FESTIVAL GUITARRAS DEL MUNDO 2020 EN \u00abEL \u00daLTIMO TREN A CASA\u00bb"},"content":{"rendered":"\n<p> Entre el 14 y 22 de diciembre el programa\u00a0<strong><em>\u00abEl \u00faltimo tren a casa\u00bb<\/em><\/strong>\u00a0 que produce el Colectivo Aczi\u00f3n Kultural y que conduce Pedro Guichapany en Radio Presidente Ib\u00e1\u00f1ez traer\u00e1 a Magallanes en forma exclusiva uno de los Festivales de Guitarra m\u00e1s importantes en Latinoam\u00e9rica\u00a0<strong>\u00abFESTIVAL DE GUITARRAS DEL MUNDO 2020\u00bb<\/strong>.\u00a0<\/p>\n\n\n\n<p><strong>\u00abFestival Guitarras del Mundo\u00bb<\/strong>\u00a0es un encuentro de gran prestigio internacional por el que han pasado, desde su inicio hasta la actualidad, m\u00e1s de mil guitarristas de la Argentina y del mundo.\u00a0 Este evento homenajea y promueve la guitarra, un instrumento que tiene una extensa y valiosa tradici\u00f3n, convirti\u00e9ndolo en cuna permanente de los amantes de las seis cuerdas.<\/p>\n\n\n\n<p>El Festival es una idea de quien lo dirige, Juan Fal\u00fa, compositor, docente, psic\u00f3logo, guitarrista y cantor.\u00a0 \u00a0Este 2020 el Festival cumpli\u00f3 26 a\u00f1os de existencia y se realiz\u00f3 en forma virtual desde el 9 al 22 de noviembre. Participaron 72 guitarristas argentinos y 20 internacionales entre los cuales destaca el magall\u00e1nico HUGO MU\u00d1OZ G\u00d3MEZ, quien reside en Buenos Aires hace ya unos buenos a\u00f1os donde estudi\u00f3 guitarra y hoy ejerce docencia en guitarra y mantiene su propio proyecto musical \u00abHugo Mu\u00f1oz Quinteto\u00bb.\u00a0\u00a0<\/p>\n\n\n\n<p>En los 26 a\u00f1os de este encuentro de guitarristas han sido solo cinco los int\u00e9rpretes chilenos invitados al certamen, dos de los cuales son\u00a0 Magall\u00e1nicos, Javier Contreras y ahora, Hugo Mu\u00f1oz.<\/p>\n\n\n\n<p>Este evento podr\u00e1 ser escuchado y visto a trav\u00e9s de todas las frecuencias de Radio Presidente Ib\u00e1\u00f1ez los d\u00edas lunes 14, martes 15, jueves 17, viernes 18, lunes 21 y martes 22 de diciembre a partir de las 19 hrs. en el programa\u00a0<em>\u00abEl \u00faltimo tren a casa\u00bb<\/em>, que cierra de esta forma con este\u00a0<strong>\u00abgran regalo para los o\u00eddos y el esp\u00edritu\u00bb<\/strong>\u00a0el a\u00f1o 2020. <\/p>\n","protected":false},"excerpt":{"rendered":"<p>Entre el 14 y 22 de diciembre el programa\u00a0\u00abEl \u00faltimo tren a casa\u00bb\u00a0 que produce el Colectivo Aczi\u00f3n Kultural y que conduce Pedro Guichapany en Radio Presidente Ib\u00e1\u00f1ez traer\u00e1 a&#8230; <a class=\"read-more\" href=\"https:\/\/www.radiopresidenteibanez.cl\/web\/festival-guitarras-del-mundo-2020-en-el-ultimo-tren-a-casa\/\">Leer m\u00e1s<\/a><\/p>\n","protected":false},"author":2,"featured_media":16363,"comment_status":"closed","ping_status":"closed","sticky":false,"template":"","format":"standard","meta":{"footnotes":""},"categories":[1],"tags":[],"class_list":["post-16362","post","type-post","status-publish","format-standard","has-post-thumbnail","hentry","category-cronica"],"_links":{"self":[{"href":"https:\/\/www.radiopresidenteibanez.cl\/web\/wp-json\/wp\/v2\/posts\/16362","targetHints":{"allow":["GET"]}}],"collection":[{"href":"https:\/\/www.radiopresidenteibanez.cl\/web\/wp-json\/wp\/v2\/posts"}],"about":[{"href":"https:\/\/www.radiopresidenteibanez.cl\/web\/wp-json\/wp\/v2\/types\/post"}],"author":[{"embeddable":true,"href":"https:\/\/www.radiopresidenteibanez.cl\/web\/wp-json\/wp\/v2\/users\/2"}],"replies":[{"embeddable":true,"href":"https:\/\/www.radiopresidenteibanez.cl\/web\/wp-json\/wp\/v2\/comments?post=16362"}],"version-history":[{"count":0,"href":"https:\/\/www.radiopresidenteibanez.cl\/web\/wp-json\/wp\/v2\/posts\/16362\/revisions"}],"wp:featuredmedia":[{"embeddable":true,"href":"https:\/\/www.radiopresidenteibanez.cl\/web\/wp-json\/wp\/v2\/media\/16363"}],"wp:attachment":[{"href":"https:\/\/www.radiopresidenteibanez.cl\/web\/wp-json\/wp\/v2\/media?parent=16362"}],"wp:term":[{"taxonomy":"category","embeddable":true,"href":"https:\/\/www.radiopresidenteibanez.cl\/web\/wp-json\/wp\/v2\/categories?post=16362"},{"taxonomy":"post_tag","embeddable":true,"href":"https:\/\/www.radiopresidenteibanez.cl\/web\/wp-json\/wp\/v2\/tags?post=16362"}],"curies":[{"name":"wp","href":"https:\/\/api.w.org\/{rel}","templated":true}]}}