{"id":16360,"date":"2020-11-25T12:10:41","date_gmt":"2020-11-25T12:10:41","guid":{"rendered":"https:\/\/www.radiopresidenteibanez.cl\/web\/?p=16360"},"modified":"2020-11-25T12:10:47","modified_gmt":"2020-11-25T12:10:47","slug":"diputado-bianchi-presenta-proyecto-para-adelantar-las-elecciones-presidenciales-y-parlamentarias","status":"publish","type":"post","link":"https:\/\/www.radiopresidenteibanez.cl\/web\/diputado-bianchi-presenta-proyecto-para-adelantar-las-elecciones-presidenciales-y-parlamentarias\/","title":{"rendered":"DIPUTADO BIANCHI PRESENTA PROYECTO PARA ADELANTAR LAS ELECCIONES PRESIDENCIALES Y PARLAMENTARIAS"},"content":{"rendered":"\n<p>El parlamentario present\u00f3 un\nproyecto de reforma constitucional para convocar a elecciones anticipadas de\npresidente, senadores y diputados, argumentando que el gobierno y el Congreso\ntienen una escasa aprobaci\u00f3n.<\/p>\n\n\n\n<p>La iniciativa propone que las\nelecciones para los cargos de presidente y parlamentarios se efect\u00faen\nconjuntamente con las elecciones de gobernadores regionales, alcaldes,\nconcejales y convencionales constituyentes el 11 de abril de 2021.<\/p>\n\n\n\n<p>\u201cExiste una crisis\ninstitucional y si tenemos que dar un paso al costado, debemos hacerlo por el\nbien com\u00fan, la paz social y que la gente ejerza democr\u00e1ticamente su derecho a\nelegir autoridades que encarnen los cambios que el pa\u00eds necesita\u201d, manifest\u00f3 el\ndiputado independiente.<\/p>\n\n\n\n<p>El proyecto, que fue\npresentado en conjunto con los diputados Mulet, Gonz\u00e1lez, entre otros, se\njustifica en \u201cel profundo malestar y desconfianza de la ciudadan\u00eda en sus\ninstituciones pol\u00edticas, en particular, en el presidente de la Rep\u00fablica y el\nCongreso Nacional, por su incapacidad en resolver las grandes transformaciones\ny demandas de igualdad y justicia social que se acumularon durante tantos\na\u00f1os\u201d.<\/p>\n\n\n\n<p>As\u00ed, esta propuesta busca\nadelantar las elecciones \u201ccomo un paso necesario y generoso para legitimar el\nsistema democr\u00e1tico y permitir la m\u00e1s amplia participaci\u00f3n del pueblo en el\nproceso que estamos viviendo\u201d.<\/p>\n","protected":false},"excerpt":{"rendered":"<p>El parlamentario present\u00f3 un proyecto de reforma constitucional para convocar a elecciones anticipadas de presidente, senadores y diputados, argumentando que el gobierno y el Congreso tienen una escasa aprobaci\u00f3n. La&#8230; <a class=\"read-more\" href=\"https:\/\/www.radiopresidenteibanez.cl\/web\/diputado-bianchi-presenta-proyecto-para-adelantar-las-elecciones-presidenciales-y-parlamentarias\/\">Leer m\u00e1s<\/a><\/p>\n","protected":false},"author":2,"featured_media":5567,"comment_status":"closed","ping_status":"closed","sticky":false,"template":"","format":"standard","meta":{"footnotes":""},"categories":[1],"tags":[],"class_list":["post-16360","post","type-post","status-publish","format-standard","has-post-thumbnail","hentry","category-cronica"],"_links":{"self":[{"href":"https:\/\/www.radiopresidenteibanez.cl\/web\/wp-json\/wp\/v2\/posts\/16360","targetHints":{"allow":["GET"]}}],"collection":[{"href":"https:\/\/www.radiopresidenteibanez.cl\/web\/wp-json\/wp\/v2\/posts"}],"about":[{"href":"https:\/\/www.radiopresidenteibanez.cl\/web\/wp-json\/wp\/v2\/types\/post"}],"author":[{"embeddable":true,"href":"https:\/\/www.radiopresidenteibanez.cl\/web\/wp-json\/wp\/v2\/users\/2"}],"replies":[{"embeddable":true,"href":"https:\/\/www.radiopresidenteibanez.cl\/web\/wp-json\/wp\/v2\/comments?post=16360"}],"version-history":[{"count":0,"href":"https:\/\/www.radiopresidenteibanez.cl\/web\/wp-json\/wp\/v2\/posts\/16360\/revisions"}],"wp:featuredmedia":[{"embeddable":true,"href":"https:\/\/www.radiopresidenteibanez.cl\/web\/wp-json\/wp\/v2\/media\/5567"}],"wp:attachment":[{"href":"https:\/\/www.radiopresidenteibanez.cl\/web\/wp-json\/wp\/v2\/media?parent=16360"}],"wp:term":[{"taxonomy":"category","embeddable":true,"href":"https:\/\/www.radiopresidenteibanez.cl\/web\/wp-json\/wp\/v2\/categories?post=16360"},{"taxonomy":"post_tag","embeddable":true,"href":"https:\/\/www.radiopresidenteibanez.cl\/web\/wp-json\/wp\/v2\/tags?post=16360"}],"curies":[{"name":"wp","href":"https:\/\/api.w.org\/{rel}","templated":true}]}}