{"id":16356,"date":"2020-11-25T03:30:00","date_gmt":"2020-11-25T03:30:00","guid":{"rendered":"https:\/\/www.radiopresidenteibanez.cl\/web\/?p=16356"},"modified":"2020-11-24T13:55:29","modified_gmt":"2020-11-24T13:55:29","slug":"correoschile-lanza-su-tradicional-campana-de-navidad-en-nuevo-formato-digital","status":"publish","type":"post","link":"https:\/\/www.radiopresidenteibanez.cl\/web\/correoschile-lanza-su-tradicional-campana-de-navidad-en-nuevo-formato-digital\/","title":{"rendered":"CORREOSCHILE LANZA SU TRADICIONAL CAMPA\u00d1A DE NAVIDAD EN NUEVO FORMATO DIGITAL"},"content":{"rendered":"\n<p>Un a\u00f1o diferente, con el esp\u00edritu de siempre. Bajo ese\nconcepto, CorreosChile lanz\u00f3 una nueva versi\u00f3n de su Campa\u00f1a de Navidad,\ncruzada solidaria que desde hace 28 a\u00f1os busca hacer realidad\nlos sue\u00f1os e ilusiones de miles de ni\u00f1as y ni\u00f1os de escasos\nrecursos a lo largo del pa\u00eds. Pero esta no ser\u00e1 una campa\u00f1a como la de los a\u00f1os\nanteriores. Las restricciones de movilidad asociadas al combate de la pandemia\nllevaron a la empresa a incorporar una importante mejora,\nque marcar\u00e1 un hito en la historia\nde este tradicional evento navide\u00f1o:\npor primera vez se\ndesarrollar\u00e1 de manera 100% digital, lo que permitir\u00e1 apadrinar cartas de\ncualquier punto del pa\u00eds.<\/p>\n\n\n\n<p>El presidente del Directorio de CorreosChile, Armando Valdivieso,\nafirm\u00f3 que, en un a\u00f1o particularmente complejo debido a los efectos de la\npandemia, la Campa\u00f1a de Navidad de la empresa surge como una oportunidad para\ngenerar lazos que promuevan la solidaridad y la uni\u00f3n. <strong><em>\u201cEstamos realizado un importante esfuerzo para seguir llevando\nalegr\u00eda a las familias que m\u00e1s lo necesitan, en\nuna fecha que nos invita a estar unidos, aunque sea a la distancia. Esperamos\nque la solidaridad y el compromiso de los chilenos con el desarrollo de esta\ncampa\u00f1a sea m\u00e1s fuerte <\/em><\/strong><strong><em>que nunca\u201d.<\/em><\/strong><\/p>\n\n\n\n<p>De igual forma, Valdivieso destac\u00f3 el esfuerzo realizado por\nCorreosChile para adaptarse a una sociedad cada vez m\u00e1s digital\ny \u2013de paso\u2013 a la realidad transitoria impuesta por el Covid-19, ya que\nesto marcar\u00e1 un precedente para\nel futuro de esta cruzada\nsolidaria. \u201c<strong><em>Entendiendo que en el actual contexto los traslados pueden\nser complejos, a trav\u00e9s del sitio web navidad.correos.cl pondremos a disposici\u00f3n de la comunidad el\n100% de las misivas recibidas en todas nuestras sucursales de <\/em><\/strong><strong><em>Arica a Punta Arenas,\nfacilitando considerablemente el proceso de selecci\u00f3n y apadrinamiento\u201d.<\/em><\/strong><strong><em><\/em><\/strong><\/p>\n\n\n\n<p>La Campa\u00f1a de Navidad 2020 se extender\u00e1 de Arica a Punta\nArenas hasta el pr\u00f3ximo lunes 21 de diciembre, gracias a un importante esfuerzo\nlog\u00edstico y operativo de CorreosChile, que pondr\u00e1 a<br><\/p>\n\n\n\n<p>disposici\u00f3n\ntodas sus sucursales a lo largo del pa\u00eds para recibir las cartas dirigidas al\nViejito Pascuero<\/p>\n\n\n\n<p>\u2013 las que deben incluir\nnombre, edad, direcci\u00f3n, c\u00f3digo postal y tel\u00e9fono\u2013 que luego ser\u00e1n puestas a disposici\u00f3n de los padrinos en\nel sitio web navidad.correos.cl.<\/p>\n\n\n\n<p>Quienes no puedan\nentregar sus regalos\ndirectamente en la casa de los ni\u00f1os que apadrinen, podr\u00e1n dejarlos en cualquier sucursal de CorreosChile hasta el\n21 de diciembre, d\u00eda en que termina la campa\u00f1a, con la finalidad de que estos\nlleguen antes de Navidad. Sin embargo, desde la empresa reiteraron el valor de\nque los regalos sean entregados por los mismos padrinos \u2013cumpliendo con todos los protocolos sanitarios correspondientes\u2013, para as\u00ed vivir la experiencia de conocer a los ni\u00f1os beneficiados y sus familias.<\/p>\n\n\n\n<p>Cabe destacar que, en 2019,\nla empresa encontr\u00f3\nun padrino para el 94% de las m\u00e1s de 29 mil cartas\npuestas a disposici\u00f3n del p\u00fablico.<\/p>\n","protected":false},"excerpt":{"rendered":"<p>Un a\u00f1o diferente, con el esp\u00edritu de siempre. Bajo ese concepto, CorreosChile lanz\u00f3 una nueva versi\u00f3n de su Campa\u00f1a de Navidad, cruzada solidaria que desde hace 28 a\u00f1os busca hacer&#8230; <a class=\"read-more\" href=\"https:\/\/www.radiopresidenteibanez.cl\/web\/correoschile-lanza-su-tradicional-campana-de-navidad-en-nuevo-formato-digital\/\">Leer m\u00e1s<\/a><\/p>\n","protected":false},"author":2,"featured_media":16357,"comment_status":"closed","ping_status":"closed","sticky":false,"template":"","format":"standard","meta":{"footnotes":""},"categories":[1],"tags":[],"class_list":["post-16356","post","type-post","status-publish","format-standard","has-post-thumbnail","hentry","category-cronica"],"_links":{"self":[{"href":"https:\/\/www.radiopresidenteibanez.cl\/web\/wp-json\/wp\/v2\/posts\/16356","targetHints":{"allow":["GET"]}}],"collection":[{"href":"https:\/\/www.radiopresidenteibanez.cl\/web\/wp-json\/wp\/v2\/posts"}],"about":[{"href":"https:\/\/www.radiopresidenteibanez.cl\/web\/wp-json\/wp\/v2\/types\/post"}],"author":[{"embeddable":true,"href":"https:\/\/www.radiopresidenteibanez.cl\/web\/wp-json\/wp\/v2\/users\/2"}],"replies":[{"embeddable":true,"href":"https:\/\/www.radiopresidenteibanez.cl\/web\/wp-json\/wp\/v2\/comments?post=16356"}],"version-history":[{"count":0,"href":"https:\/\/www.radiopresidenteibanez.cl\/web\/wp-json\/wp\/v2\/posts\/16356\/revisions"}],"wp:featuredmedia":[{"embeddable":true,"href":"https:\/\/www.radiopresidenteibanez.cl\/web\/wp-json\/wp\/v2\/media\/16357"}],"wp:attachment":[{"href":"https:\/\/www.radiopresidenteibanez.cl\/web\/wp-json\/wp\/v2\/media?parent=16356"}],"wp:term":[{"taxonomy":"category","embeddable":true,"href":"https:\/\/www.radiopresidenteibanez.cl\/web\/wp-json\/wp\/v2\/categories?post=16356"},{"taxonomy":"post_tag","embeddable":true,"href":"https:\/\/www.radiopresidenteibanez.cl\/web\/wp-json\/wp\/v2\/tags?post=16356"}],"curies":[{"name":"wp","href":"https:\/\/api.w.org\/{rel}","templated":true}]}}