{"id":16354,"date":"2020-11-24T13:51:25","date_gmt":"2020-11-24T13:51:25","guid":{"rendered":"https:\/\/www.radiopresidenteibanez.cl\/web\/?p=16354"},"modified":"2020-11-24T13:51:31","modified_gmt":"2020-11-24T13:51:31","slug":"gabriel-boric-declaracion-publica-ante-la-situacion-de-marcelo-mandujano","status":"publish","type":"post","link":"https:\/\/www.radiopresidenteibanez.cl\/web\/gabriel-boric-declaracion-publica-ante-la-situacion-de-marcelo-mandujano\/","title":{"rendered":"GABRIEL BORIC: DECLARACI\u00d3N P\u00daBLICA ANTE LA SITUACI\u00d3N DE MARCELO MANDUJANO"},"content":{"rendered":"\n<p>\n\nMediante la presente como Diputado de la Rep\u00fablica y representante de la Regi\u00f3n de Magallanes y Ant\u00e1rtica Chilena, quiero&nbsp;<strong>expresar mi solidaridad con Marcelo Mandujano<\/strong>, joven de 25 a\u00f1os, estudiante de ingenier\u00eda civil mec\u00e1nica en la Universidad de Magallanes y con un generoso trabajo cultural comunitario en nuestra regi\u00f3n, quien fuera detenido el 9 de enero de 2020 y desde hace ya m\u00e1s de diez meses se encuentra en prisi\u00f3n preventiva y hace ocho meses est\u00e1 sin visitas.<\/p>\n\n\n\n<p>Marcelo es un luchador social que en el contexto del estallido social producto de las injusticias acumuladas por d\u00e9cadas en nuestro pa\u00eds particip\u00f3 de una manifestaci\u00f3n en la que se produjo el incendio de AFP H\u00e1bitat en Punta Arenas. Ha colaborado en el proceso pese a la extendida prisi\u00f3n preventiva y las irregularidades del mismo (testigo protegido y pruebas sin cadena de custodia entre otras), lo que esperamos se reconozca junto con su irreprochable conducta anterior y servicios a la comunidad.<\/p>\n\n\n\n<p>No podemos permitir que en Chile medidas cautelares se utilicen como anticipaci\u00f3n de condena (que es lo que ha sucedido en este caso), ni tampoco que se use la c\u00e1rcel para sancionar la protesta social o el abrigar determinadas convicciones.&nbsp;<\/p>\n\n\n\n<p>Abogo por la libertad de Marcelo para que pueda reencontrarse en libertad con su familia y seres queridos, y seguir aportando a construir una sociedad m\u00e1s justa.<br><\/p>\n","protected":false},"excerpt":{"rendered":"<p>Mediante la presente como Diputado de la Rep\u00fablica y representante de la Regi\u00f3n de Magallanes y Ant\u00e1rtica Chilena, quiero&nbsp;expresar mi solidaridad con Marcelo Mandujano, joven de 25 a\u00f1os, estudiante de&#8230; <a class=\"read-more\" href=\"https:\/\/www.radiopresidenteibanez.cl\/web\/gabriel-boric-declaracion-publica-ante-la-situacion-de-marcelo-mandujano\/\">Leer m\u00e1s<\/a><\/p>\n","protected":false},"author":2,"featured_media":8088,"comment_status":"closed","ping_status":"closed","sticky":false,"template":"","format":"standard","meta":{"footnotes":""},"categories":[1],"tags":[],"class_list":["post-16354","post","type-post","status-publish","format-standard","has-post-thumbnail","hentry","category-cronica"],"_links":{"self":[{"href":"https:\/\/www.radiopresidenteibanez.cl\/web\/wp-json\/wp\/v2\/posts\/16354","targetHints":{"allow":["GET"]}}],"collection":[{"href":"https:\/\/www.radiopresidenteibanez.cl\/web\/wp-json\/wp\/v2\/posts"}],"about":[{"href":"https:\/\/www.radiopresidenteibanez.cl\/web\/wp-json\/wp\/v2\/types\/post"}],"author":[{"embeddable":true,"href":"https:\/\/www.radiopresidenteibanez.cl\/web\/wp-json\/wp\/v2\/users\/2"}],"replies":[{"embeddable":true,"href":"https:\/\/www.radiopresidenteibanez.cl\/web\/wp-json\/wp\/v2\/comments?post=16354"}],"version-history":[{"count":0,"href":"https:\/\/www.radiopresidenteibanez.cl\/web\/wp-json\/wp\/v2\/posts\/16354\/revisions"}],"wp:featuredmedia":[{"embeddable":true,"href":"https:\/\/www.radiopresidenteibanez.cl\/web\/wp-json\/wp\/v2\/media\/8088"}],"wp:attachment":[{"href":"https:\/\/www.radiopresidenteibanez.cl\/web\/wp-json\/wp\/v2\/media?parent=16354"}],"wp:term":[{"taxonomy":"category","embeddable":true,"href":"https:\/\/www.radiopresidenteibanez.cl\/web\/wp-json\/wp\/v2\/categories?post=16354"},{"taxonomy":"post_tag","embeddable":true,"href":"https:\/\/www.radiopresidenteibanez.cl\/web\/wp-json\/wp\/v2\/tags?post=16354"}],"curies":[{"name":"wp","href":"https:\/\/api.w.org\/{rel}","templated":true}]}}