{"id":16352,"date":"2020-11-25T03:15:00","date_gmt":"2020-11-25T03:15:00","guid":{"rendered":"https:\/\/www.radiopresidenteibanez.cl\/web\/?p=16352"},"modified":"2020-11-24T13:49:12","modified_gmt":"2020-11-24T13:49:12","slug":"alumnos-del-colegio-cruz-del-sur-de-punta-arenas-hablaron-con-fiscal-regional-sobre-la-responsabilidad-penal-adolescente","status":"publish","type":"post","link":"https:\/\/www.radiopresidenteibanez.cl\/web\/alumnos-del-colegio-cruz-del-sur-de-punta-arenas-hablaron-con-fiscal-regional-sobre-la-responsabilidad-penal-adolescente\/","title":{"rendered":"ALUMNOS DEL COLEGIO CRUZ DEL SUR DE PUNTA ARENAS HABLARON CON FISCAL REGIONAL SOBRE LA RESPONSABILIDAD PENAL ADOLESCENTE"},"content":{"rendered":"\n<figure class=\"wp-block-table\"><table class=\"\"><tbody><tr><td>\n  Estudiantes\n  de octavo b\u00e1sico y de primero a cuarto medio del Colegio Cruz del Sur,&nbsp; se reunieron hoy, con el Fiscal Regional de\n  Magallanes y de la Ant\u00e1rtica Chilena, Eugenio Campos Lucero, con el fin de\n  conversar sobre la &nbsp;misi\u00f3n del Ministerio\n  P\u00fablico y la Responsabilidad Penal Adolescente. &nbsp;\n  <\/td><\/tr><\/tbody><\/table><\/figure>\n\n\n\n<p>\n\n\n\nDurante el participativo encuentro,\nrealizado por zoom, los j\u00f3venes platearon y disiparon sus dudas respecto a &nbsp;estas y diversas materias relacionadas con\npersecuci\u00f3n penal y protecci\u00f3n de v\u00edctimas y testigos.\n\n\n\n<\/p>\n","protected":false},"excerpt":{"rendered":"<p>Estudiantes de octavo b\u00e1sico y de primero a cuarto medio del Colegio Cruz del Sur,&nbsp; se reunieron hoy, con el Fiscal Regional de Magallanes y de la Ant\u00e1rtica Chilena, Eugenio&#8230; <a class=\"read-more\" href=\"https:\/\/www.radiopresidenteibanez.cl\/web\/alumnos-del-colegio-cruz-del-sur-de-punta-arenas-hablaron-con-fiscal-regional-sobre-la-responsabilidad-penal-adolescente\/\">Leer m\u00e1s<\/a><\/p>\n","protected":false},"author":2,"featured_media":740,"comment_status":"closed","ping_status":"closed","sticky":false,"template":"","format":"standard","meta":{"footnotes":""},"categories":[1],"tags":[],"class_list":["post-16352","post","type-post","status-publish","format-standard","has-post-thumbnail","hentry","category-cronica"],"_links":{"self":[{"href":"https:\/\/www.radiopresidenteibanez.cl\/web\/wp-json\/wp\/v2\/posts\/16352","targetHints":{"allow":["GET"]}}],"collection":[{"href":"https:\/\/www.radiopresidenteibanez.cl\/web\/wp-json\/wp\/v2\/posts"}],"about":[{"href":"https:\/\/www.radiopresidenteibanez.cl\/web\/wp-json\/wp\/v2\/types\/post"}],"author":[{"embeddable":true,"href":"https:\/\/www.radiopresidenteibanez.cl\/web\/wp-json\/wp\/v2\/users\/2"}],"replies":[{"embeddable":true,"href":"https:\/\/www.radiopresidenteibanez.cl\/web\/wp-json\/wp\/v2\/comments?post=16352"}],"version-history":[{"count":0,"href":"https:\/\/www.radiopresidenteibanez.cl\/web\/wp-json\/wp\/v2\/posts\/16352\/revisions"}],"wp:featuredmedia":[{"embeddable":true,"href":"https:\/\/www.radiopresidenteibanez.cl\/web\/wp-json\/wp\/v2\/media\/740"}],"wp:attachment":[{"href":"https:\/\/www.radiopresidenteibanez.cl\/web\/wp-json\/wp\/v2\/media?parent=16352"}],"wp:term":[{"taxonomy":"category","embeddable":true,"href":"https:\/\/www.radiopresidenteibanez.cl\/web\/wp-json\/wp\/v2\/categories?post=16352"},{"taxonomy":"post_tag","embeddable":true,"href":"https:\/\/www.radiopresidenteibanez.cl\/web\/wp-json\/wp\/v2\/tags?post=16352"}],"curies":[{"name":"wp","href":"https:\/\/api.w.org\/{rel}","templated":true}]}}