{"id":16350,"date":"2020-11-24T13:47:10","date_gmt":"2020-11-24T13:47:10","guid":{"rendered":"https:\/\/www.radiopresidenteibanez.cl\/web\/?p=16350"},"modified":"2020-11-24T13:47:15","modified_gmt":"2020-11-24T13:47:15","slug":"gobierno-acogio-indicacion-de-senador-carlos-bianchi-y-reincorpora-en-ministerio-de-energia-subsidio-al-gas-de-magallanes","status":"publish","type":"post","link":"https:\/\/www.radiopresidenteibanez.cl\/web\/gobierno-acogio-indicacion-de-senador-carlos-bianchi-y-reincorpora-en-ministerio-de-energia-subsidio-al-gas-de-magallanes\/","title":{"rendered":"GOBIERNO ACOGI\u00d3 INDICACI\u00d3N DE SENADOR CARLOS BIANCHI Y REINCORPORA EN MINISTERIO DE ENERG\u00cdA SUBSIDIO AL GAS DE MAGALLANES"},"content":{"rendered":"\n<p>El pasado 22 de octubre el Senador de Magallanes e\nintegrante de la comisi\u00f3n mixta de Presupuesto, Carlos Bianchi hizo p\u00fablico que\nel Gobierno hab\u00eda decidido rebajar en 3.500 millones de pesos el aporte\nCompensatorio a la Empresa Nacional del Petr\u00f3leo, para el subsidio del consumo\nde gas domiciliario en nuestra regi\u00f3n y a la vez se dispuso que dichos aportes\nfueran derivados a la partida de Tesoro P\u00fablico, situaci\u00f3n que fue objetada por\nel legislador Magall\u00e1nico.<\/p>\n\n\n\n<p>Esta tarde, en el\nSenado en la discusi\u00f3n del despacho de las partidas del presupuesto fiscal para\nel a\u00f1o 2021, y luego de haber sido rechazada la propuesta del Gobierno, tanto\nen la comisi\u00f3n Mixta, como en su primer tr\u00e1mite en la C\u00e1mara de Diputados, el\ndirector de presupuestos, Mat\u00edas Acevedo intervino para dar a conocer que el\nGobierno atendi\u00f3 este requerimiento y acceder\u00e1 a reincorporar en la partida que\ncorresponde al Ministerio de Energ\u00eda los recursos para el subsidio al gas en\nMagallanes. <\/p>\n\n\n\n<p>Tras aquello, el\nSenador Bianchi dijo que <em>\u201caqu\u00ed hay otro logro concreto de un compromiso que\nse asumi\u00f3 y se defendi\u00f3 <\/em>y es as\u00ed como e<em>l subsidio al gas fue logrado\ngracias a todos los que vivimos en la regi\u00f3n de Magallanes y no pod\u00eda estar\nbajo ning\u00fan riesgo y se mantendr\u00e1 en el presupuesto del Ministerio de Energ\u00eda.\u201d<\/em><\/p>\n\n\n\n<p>Bianchi hab\u00eda advertido\nque se mantenerse la propuesta del Gobierno era de la mayor gravedad. \u201c<em>el\nGobierno al haber querido sacarlo desde el ministerio de Energ\u00eda, donde\nrepresentaba m\u00e1s del 40% del presupuesto de ese ministerio y traspasarlo al\nTesoro P\u00fablico no daba las garant\u00edas que esos recursos en adelante\npermanecer\u00edan como tal, sino que iba a quedar sujeto a ser presentado y\naprobado a\u00f1o tras a\u00f1o.\u201d<\/em><\/p>\n\n\n\n<p>Cabe consignar que el senador Bianchi, mantuvo fuertes\ndiscrepancias con el Gobierno respecto a esta materia, por cuanto debi\u00f3 defender\nen reiteradas ocasiones la indicaci\u00f3n a la ley de presupuestos para que en la\nPartida de Tesoro P\u00fablico, glosa 04 que es la que establece y regula el aporte\ncompensatorio, se\u00f1ale \u201cclaramente\u201d que dichos recursos \u201cno podr\u00e1n ser objeto de\nning\u00fan tipo de disminuci\u00f3n ni de reasignaci\u00f3n presupuestaria.\u201d Y que deb\u00edan ser\nreintegrados al ministerio de Energ\u00eda tal cual fue finalmente acogido por el\nEjecutivo.<\/p>\n","protected":false},"excerpt":{"rendered":"<p>El pasado 22 de octubre el Senador de Magallanes e integrante de la comisi\u00f3n mixta de Presupuesto, Carlos Bianchi hizo p\u00fablico que el Gobierno hab\u00eda decidido rebajar en 3.500 millones&#8230; <a class=\"read-more\" href=\"https:\/\/www.radiopresidenteibanez.cl\/web\/gobierno-acogio-indicacion-de-senador-carlos-bianchi-y-reincorpora-en-ministerio-de-energia-subsidio-al-gas-de-magallanes\/\">Leer m\u00e1s<\/a><\/p>\n","protected":false},"author":2,"featured_media":14508,"comment_status":"closed","ping_status":"closed","sticky":false,"template":"","format":"standard","meta":{"footnotes":""},"categories":[1],"tags":[],"class_list":["post-16350","post","type-post","status-publish","format-standard","has-post-thumbnail","hentry","category-cronica"],"_links":{"self":[{"href":"https:\/\/www.radiopresidenteibanez.cl\/web\/wp-json\/wp\/v2\/posts\/16350","targetHints":{"allow":["GET"]}}],"collection":[{"href":"https:\/\/www.radiopresidenteibanez.cl\/web\/wp-json\/wp\/v2\/posts"}],"about":[{"href":"https:\/\/www.radiopresidenteibanez.cl\/web\/wp-json\/wp\/v2\/types\/post"}],"author":[{"embeddable":true,"href":"https:\/\/www.radiopresidenteibanez.cl\/web\/wp-json\/wp\/v2\/users\/2"}],"replies":[{"embeddable":true,"href":"https:\/\/www.radiopresidenteibanez.cl\/web\/wp-json\/wp\/v2\/comments?post=16350"}],"version-history":[{"count":0,"href":"https:\/\/www.radiopresidenteibanez.cl\/web\/wp-json\/wp\/v2\/posts\/16350\/revisions"}],"wp:featuredmedia":[{"embeddable":true,"href":"https:\/\/www.radiopresidenteibanez.cl\/web\/wp-json\/wp\/v2\/media\/14508"}],"wp:attachment":[{"href":"https:\/\/www.radiopresidenteibanez.cl\/web\/wp-json\/wp\/v2\/media?parent=16350"}],"wp:term":[{"taxonomy":"category","embeddable":true,"href":"https:\/\/www.radiopresidenteibanez.cl\/web\/wp-json\/wp\/v2\/categories?post=16350"},{"taxonomy":"post_tag","embeddable":true,"href":"https:\/\/www.radiopresidenteibanez.cl\/web\/wp-json\/wp\/v2\/tags?post=16350"}],"curies":[{"name":"wp","href":"https:\/\/api.w.org\/{rel}","templated":true}]}}