{"id":16345,"date":"2020-11-25T02:45:00","date_gmt":"2020-11-25T02:45:00","guid":{"rendered":"https:\/\/www.radiopresidenteibanez.cl\/web\/?p=16345"},"modified":"2020-11-24T13:36:58","modified_gmt":"2020-11-24T13:36:58","slug":"por-contexto-social-y-economico-anuncian-extension-del-periodo-extractivo-para-magallanes","status":"publish","type":"post","link":"https:\/\/www.radiopresidenteibanez.cl\/web\/por-contexto-social-y-economico-anuncian-extension-del-periodo-extractivo-para-magallanes\/","title":{"rendered":"POR CONTEXTO SOCIAL Y ECON\u00d3MICO, ANUNCIAN EXTENSI\u00d3N DEL PERIODO EXTRACTIVO PARA MAGALLANES"},"content":{"rendered":"\n<p>Por medio de un decreto firmado por el Ministro de Econom\u00eda,\nFomento y Turismo, Lucas Palacios, se define que la veda biol\u00f3gica del recurso\nCentolla Lithodes Santolla en la Regi\u00f3n de Magallanes y La Ant\u00e1rtica Chilena,\ncomenzar\u00e1 a contar del d\u00eda 15 de diciembre de 2020.<\/p>\n\n\n\n<p>El decreto nace del an\u00e1lisis de diversos factores, entre\nellos, la alerta sanitaria que aplica al territorio nacional que gener\u00f3 que se\notorgaran facultades extraordinarias por emergencia de salud p\u00fablica y que se\ndispusieran una serie de medidas por el brote de COVID-19. Sumado a lo\nanterior, se consideraron los requerimientos de usuarios de la pesquer\u00eda de\ncentolla local, quienes han solicitado extender la temporada extractiva del\nrecurso, fundados en los efectos generados por la actual situaci\u00f3n de pandemia\nque atraviesa el pa\u00eds y a nuestro territorio. El actual escenario ha provocado\ndisminuciones de la actividad pesquera por incertidumbre en mercados internacionales\ny p\u00e9rdidas de mano de obra utilizada directa e indirectamente en faenas de\ncentolla. Junto a lo anterior, las condiciones clim\u00e1ticas adversas han\nacentuado la problem\u00e1tica social y econ\u00f3mica del sector pesquero artesanal de\neste recurso. <\/p>\n\n\n\n<p>Natalia Easton, Seremi de Econom\u00eda, Fomento y Turismo\nexpres\u00f3: \u201cLa extracci\u00f3n del recurso centolla es muy relevante para la actividad\npesquera de nuestra regi\u00f3n. Tiene una importancia tanto econ\u00f3mica como social,\nya que a noviembre de este a\u00f1o contamos con 1.080 pescadores artesanales\ninscritos para trabajar el recurso y a octubre 2020 eran m\u00e1s de 270 las\nembarcaciones con declaraci\u00f3n de desembarque. Como gobierno valoramos el gran\nesfuerzo que hay detr\u00e1s de cada embarcaci\u00f3n y pescador que contribuye a la\nregi\u00f3n trabajando en la centolla, y sabemos las mayores dificultades que han\nexperimentado esta temporada a causa de la pandemia, por lo que nos alegra\nanunciar que tendr\u00e1n este periodo adicional para continuar extrayendo el\nrecurso, y esperamos que en estos d\u00edas de logre reducir la ca\u00edda de 34% que ha\nmostrado el desembarque de centolla al 19 de noviembre respecto a la misma\nfecha del a\u00f1o anterior.\u201d<\/p>\n\n\n\n<p>Por su parte la Directora Regional de SUBPESCA, Paulina\nBarraza indic\u00f3: \u201cLas directrices de la&nbsp;\nSubsecretar\u00eda de Pesca y Acuicultura que se orientan a la apertura o\npostergaci\u00f3n de temporadas de pesca y la flexibilidad o modificaci\u00f3n de\nvedas\u2013entre otras medidas\u2013 con el prop\u00f3sito de brindar a los agentes sectoriales\ncondiciones m\u00e1s adecuadas para operar dentro de la actual contingencia\nsanitaria, es por ello que a nivel regional, en el contexto de la actual\ncontingencia sanitaria y de las directrices antes se\u00f1aladas ha recomendado, de\nmanera excepcional para 2020, que se atrase el periodo de inicio de veda en 15\nd\u00edas, la medida se ha previamente al Comit\u00e9 Cient\u00edfico T\u00e9cnico respectivo, para\nanalizar la iniciativa desde el punto de vista t\u00e9cnico con el fin de cuidar el\nrecurso\u201d.<\/p>\n","protected":false},"excerpt":{"rendered":"<p>Por medio de un decreto firmado por el Ministro de Econom\u00eda, Fomento y Turismo, Lucas Palacios, se define que la veda biol\u00f3gica del recurso Centolla Lithodes Santolla en la Regi\u00f3n&#8230; <a class=\"read-more\" href=\"https:\/\/www.radiopresidenteibanez.cl\/web\/por-contexto-social-y-economico-anuncian-extension-del-periodo-extractivo-para-magallanes\/\">Leer m\u00e1s<\/a><\/p>\n","protected":false},"author":2,"featured_media":16346,"comment_status":"closed","ping_status":"closed","sticky":false,"template":"","format":"standard","meta":{"footnotes":""},"categories":[1],"tags":[],"class_list":["post-16345","post","type-post","status-publish","format-standard","has-post-thumbnail","hentry","category-cronica"],"_links":{"self":[{"href":"https:\/\/www.radiopresidenteibanez.cl\/web\/wp-json\/wp\/v2\/posts\/16345","targetHints":{"allow":["GET"]}}],"collection":[{"href":"https:\/\/www.radiopresidenteibanez.cl\/web\/wp-json\/wp\/v2\/posts"}],"about":[{"href":"https:\/\/www.radiopresidenteibanez.cl\/web\/wp-json\/wp\/v2\/types\/post"}],"author":[{"embeddable":true,"href":"https:\/\/www.radiopresidenteibanez.cl\/web\/wp-json\/wp\/v2\/users\/2"}],"replies":[{"embeddable":true,"href":"https:\/\/www.radiopresidenteibanez.cl\/web\/wp-json\/wp\/v2\/comments?post=16345"}],"version-history":[{"count":0,"href":"https:\/\/www.radiopresidenteibanez.cl\/web\/wp-json\/wp\/v2\/posts\/16345\/revisions"}],"wp:featuredmedia":[{"embeddable":true,"href":"https:\/\/www.radiopresidenteibanez.cl\/web\/wp-json\/wp\/v2\/media\/16346"}],"wp:attachment":[{"href":"https:\/\/www.radiopresidenteibanez.cl\/web\/wp-json\/wp\/v2\/media?parent=16345"}],"wp:term":[{"taxonomy":"category","embeddable":true,"href":"https:\/\/www.radiopresidenteibanez.cl\/web\/wp-json\/wp\/v2\/categories?post=16345"},{"taxonomy":"post_tag","embeddable":true,"href":"https:\/\/www.radiopresidenteibanez.cl\/web\/wp-json\/wp\/v2\/tags?post=16345"}],"curies":[{"name":"wp","href":"https:\/\/api.w.org\/{rel}","templated":true}]}}