{"id":16339,"date":"2020-11-25T02:15:00","date_gmt":"2020-11-25T02:15:00","guid":{"rendered":"https:\/\/www.radiopresidenteibanez.cl\/web\/?p=16339"},"modified":"2020-11-24T13:26:21","modified_gmt":"2020-11-24T13:26:21","slug":"alianza-entre-ministerios-permitira-dar-respuesta-a-las-mujeres-que-han-sufrido-violencia-de-genero","status":"publish","type":"post","link":"https:\/\/www.radiopresidenteibanez.cl\/web\/alianza-entre-ministerios-permitira-dar-respuesta-a-las-mujeres-que-han-sufrido-violencia-de-genero\/","title":{"rendered":"ALIANZA ENTRE MINISTERIOS PERMITIR\u00c1 DAR RESPUESTA  A LAS MUJERES QUE HAN SUFRIDO VIOLENCIA DE G\u00c9NERO"},"content":{"rendered":"\n<p>Elaborar un protocolo de atenci\u00f3n a v\u00edctimas de violencia\ncontra las mujeres, as\u00ed como realizar inducciones, cursos o capacitaciones en\nmaterias de violencia de g\u00e9nero son parte de los objetivos de las\ncapacitaciones que comenzaron a desarrollarse con los funcionarios\/as de las\nOficinas de Informaci\u00f3n, Reclamos y Sugerencias dependientes de las Unidades\nSIAC del ministerio Secretar\u00eda General de Gobierno, del ministerio de la Mujer\ny la Equidad de G\u00e9nero, y del Servicio Nacional de la Mujer y la Equidad de\nG\u00e9nero.<\/p>\n\n\n\n<p>El gobierno se ha comprometido desde el primer d\u00eda en\npromover iniciativas que garanticen la protecci\u00f3n de todas las mujeres, en\nespecial de aquellas que sufren violencia, por ello es que, a trav\u00e9s de\ninstancias como \u00e9sta, se busca facilitar el apoyo del Estado a trav\u00e9s de las\noficinas SIAC de todo el pa\u00eds, para que puedan dar respuesta a quienes demandan\nayuda en la materia. <\/p>\n\n\n\n<p>La seremi de Gobierno, Alejandra Mu\u00f1oz, destac\u00f3 esta\nactividad que entre otros temas aborda las: Nociones de g\u00e9nero, violencia y dispositivos\nVCM, planes y programas Servicio Nacional de la Mujer, y protocolo de Atenci\u00f3n\na V\u00edctimas de Violencia contra la Mujer.<\/p>\n\n\n\n<p>\u201cEn tiempos tan adversos como los que estamos viviendo,\ndebemos ser capaces de responder a las demandas ciudadanas en los diferentes\ncontextos, y la violencia de g\u00e9nero es una de las tem\u00e1ticas que debemos abordar\ncon mayor fuerza, sobre todo, cuando se trata de prevenci\u00f3n. Es por esto que el\nministerio Secretar\u00eda General de Gobierno en alianza con el MMEG y SERNAMEG\ncomenzaron un ciclo de capacitaciones que permitir\u00e1n a los funcionarios\nSIAC\/OIRS la detecci\u00f3n y derivaci\u00f3n oportuna de casos de violencia de g\u00e9nero y\nas\u00ed contribuir a la erradicaci\u00f3n de la violencia contra la mujer, considerando\nque los altos niveles de estr\u00e9s podr\u00edan propiciar los ambientes familiares\nhostiles y con esto, las agresiones tanto f\u00edsicas como psicol\u00f3gicas\u201d, se\u00f1al\u00f3 la\nseremi de Gobierno.<\/p>\n\n\n\n<p>Finalmente, la vocera del Gobierno Regional expres\u00f3 que lo\nimportante es seguir avanzando con m\u00e1s fuerza hacia la plena igualdad de\nderechos, deberes y oportunidades para todas las mujeres de nuestro pa\u00eds. <\/p>\n","protected":false},"excerpt":{"rendered":"<p>Elaborar un protocolo de atenci\u00f3n a v\u00edctimas de violencia contra las mujeres, as\u00ed como realizar inducciones, cursos o capacitaciones en materias de violencia de g\u00e9nero son parte de los objetivos&#8230; <a class=\"read-more\" href=\"https:\/\/www.radiopresidenteibanez.cl\/web\/alianza-entre-ministerios-permitira-dar-respuesta-a-las-mujeres-que-han-sufrido-violencia-de-genero\/\">Leer m\u00e1s<\/a><\/p>\n","protected":false},"author":2,"featured_media":16340,"comment_status":"closed","ping_status":"closed","sticky":false,"template":"","format":"standard","meta":{"footnotes":""},"categories":[1],"tags":[],"class_list":["post-16339","post","type-post","status-publish","format-standard","has-post-thumbnail","hentry","category-cronica"],"_links":{"self":[{"href":"https:\/\/www.radiopresidenteibanez.cl\/web\/wp-json\/wp\/v2\/posts\/16339","targetHints":{"allow":["GET"]}}],"collection":[{"href":"https:\/\/www.radiopresidenteibanez.cl\/web\/wp-json\/wp\/v2\/posts"}],"about":[{"href":"https:\/\/www.radiopresidenteibanez.cl\/web\/wp-json\/wp\/v2\/types\/post"}],"author":[{"embeddable":true,"href":"https:\/\/www.radiopresidenteibanez.cl\/web\/wp-json\/wp\/v2\/users\/2"}],"replies":[{"embeddable":true,"href":"https:\/\/www.radiopresidenteibanez.cl\/web\/wp-json\/wp\/v2\/comments?post=16339"}],"version-history":[{"count":0,"href":"https:\/\/www.radiopresidenteibanez.cl\/web\/wp-json\/wp\/v2\/posts\/16339\/revisions"}],"wp:featuredmedia":[{"embeddable":true,"href":"https:\/\/www.radiopresidenteibanez.cl\/web\/wp-json\/wp\/v2\/media\/16340"}],"wp:attachment":[{"href":"https:\/\/www.radiopresidenteibanez.cl\/web\/wp-json\/wp\/v2\/media?parent=16339"}],"wp:term":[{"taxonomy":"category","embeddable":true,"href":"https:\/\/www.radiopresidenteibanez.cl\/web\/wp-json\/wp\/v2\/categories?post=16339"},{"taxonomy":"post_tag","embeddable":true,"href":"https:\/\/www.radiopresidenteibanez.cl\/web\/wp-json\/wp\/v2\/tags?post=16339"}],"curies":[{"name":"wp","href":"https:\/\/api.w.org\/{rel}","templated":true}]}}