{"id":16336,"date":"2020-11-25T02:00:09","date_gmt":"2020-11-25T02:00:09","guid":{"rendered":"https:\/\/www.radiopresidenteibanez.cl\/web\/?p=16336"},"modified":"2020-11-24T13:21:54","modified_gmt":"2020-11-24T13:21:54","slug":"lanzan-guias-de-diseno-arquitectonico-que-recopilaron-las-bases-culturales-de-los-pueblos-originarios-de-magallanes","status":"publish","type":"post","link":"https:\/\/www.radiopresidenteibanez.cl\/web\/lanzan-guias-de-diseno-arquitectonico-que-recopilaron-las-bases-culturales-de-los-pueblos-originarios-de-magallanes\/","title":{"rendered":"LANZAN GU\u00cdAS DE DISE\u00d1O ARQUITECT\u00d3NICO QUE RECOPILARON LAS BASES CULTURALES DE LOS PUEBLOS ORIGINARIOS DE MAGALLANES"},"content":{"rendered":"\n<p>La forma,\ndistribuci\u00f3n, materialidad y orientaci\u00f3n de las viviendas y espacios\nceremoniales de los pueblos kaw\u00e9sqar, yag\u00e1n, selk\u2019nam y a\u00f3nikenk, as\u00ed como su\nhistoria, costumbres sociales, creencias y formas de subsistencia, son parte de\nla informaci\u00f3n recopilada en la primera edici\u00f3n de las gu\u00edas de dise\u00f1o arquitect\u00f3nico e infraestructura\n\u00e9tnica de la Regi\u00f3n de Magallanes y de la Ant\u00e1rtica Chilena, publicaciones que fueron\nlanzadas este lunes 23 de noviembre por el Gobierno Regional y el Ministerio de\nObras P\u00fablicas. <\/p>\n\n\n\n<p>El prop\u00f3sito de\nestas gu\u00edas fue generar una referencia que ayude a proyectar construcciones que\nresulten arm\u00f3nicas con la cosmovisi\u00f3n de los pueblos originarios australes,\nproponiendo diferentes\norientaciones estrat\u00e9gicas para el dise\u00f1o de edificaciones, espacios p\u00fablicos e\ninfraestructuras ligadas a estas cuatro culturas.<\/p>\n\n\n\n<p>En la elaboraci\u00f3n de\nestos documentos particip\u00f3 m\u00e1s de medio centenar de profesionales relacionados\ncon instituciones p\u00fablicas,\nprivadas, gremiales y acad\u00e9micas de la regi\u00f3n, cont\u00e1ndose adem\u00e1s con la\ncolaboraci\u00f3n permanente de cinco comunidades reconocidas por la Conadi que\nresiden en Punta Arenas, Puerto Natales y Puerto Williams, las que aportaron\nuna visi\u00f3n actualizada de las formas de vida de estos pueblos originarios y\nvalidaron los contenidos.<\/p>\n\n\n\n<p>Cada una de las\ngu\u00edas posee similar estructura: un primer cap\u00edtulo dedicado al acervo cultural,\nelaborado por reconocidos especialistas de las \u00e1reas de la antropolog\u00eda,\nlenguaje y arqueolog\u00eda residentes en la regi\u00f3n; un segundo cap\u00edtulo, que estudia\nen detalle aquellas edificaciones ya existentes o dise\u00f1os que poseen elementos\npertenecientes a los pueblos estudiados; y un tercer cap\u00edtulo, que contiene\ndiferentes orientaciones de dise\u00f1o referidas a Territorio y Paisaje, Forma\nConstruida e Imagen y Color. <\/p>\n\n\n\n<p>La concreci\u00f3n de\nesta iniciativa involucr\u00f3 una inversi\u00f3n de 200 millones de pesos por parte del\nGobierno Regional de Magallanes y de la Ant\u00e1rtica Chilena, y fue realizada\nentre 2019 y 2020 por la consultora Ciudad de Bolsillo. La gestaci\u00f3n y supervisi\u00f3n\ndel proyecto correspondi\u00f3 a la Direcci\u00f3n de Arquitectura del Ministerio de\nObras P\u00fablicas, que hace tres a\u00f1os public\u00f3 la actualizaci\u00f3n de gu\u00edas similares\ncorrespondientes a los pueblos mapuche y aimara, las que ya est\u00e1n siendo\naplicadas en dise\u00f1os en sus regiones de influencia.&nbsp; <\/p>\n\n\n\n<p>&nbsp;\u201cComo\nGobierno Regional consideramos de gran relevancia poner en valor la influencia\nde los pueblos originarios magall\u00e1nicos, raz\u00f3n por la que en estos a\u00f1os hemos\ntrabajado en promover la inclusi\u00f3n de las tem\u00e1ticas ind\u00edgenas en diversos\nproyectos de inversi\u00f3n p\u00fablica. Estas gu\u00edas de dise\u00f1o arquitect\u00f3nico son\nesenciales para que estas iniciativas tengan conexi\u00f3n con nuestras ra\u00edces\u201d,\nmanifest\u00f3 la Intendenta de Magallanes, Jennifer Rojas.<\/p>\n\n\n\n<p>Seg\u00fan Ra\u00fal\nIrarr\u00e1zabal, Director Nacional de Arquitectura, \u201cesta herramienta provee\ndiversos antecedentes culturales y arquitect\u00f3nicos que pueden recoger los\nprofesionales que dise\u00f1en escuelas, consultorios, centros comunitarios o\nparques en la regi\u00f3n de Magallanes, de manera de preservar la identidad de\nestos pueblos y evitar imponer concepciones que resulten ajenas a sus\ntradiciones espaciales y constructivas\u201d. <\/p>\n\n\n\n<p>El proyecto\ninvolucr\u00f3 la impresi\u00f3n de mil ejemplares de cada gu\u00eda, las que se pueden\ndescargar pr\u00f3ximamente en el sitio de la Direcci\u00f3n de Arquitectura: <a href=\"http:\/\/www.arquitectura.mop.gob.cl\">www.arquitectura.mop.gob.cl<\/a><\/p>\n","protected":false},"excerpt":{"rendered":"<p>La forma, distribuci\u00f3n, materialidad y orientaci\u00f3n de las viviendas y espacios ceremoniales de los pueblos kaw\u00e9sqar, yag\u00e1n, selk\u2019nam y a\u00f3nikenk, as\u00ed como su historia, costumbres sociales, creencias y formas de&#8230; <a class=\"read-more\" href=\"https:\/\/www.radiopresidenteibanez.cl\/web\/lanzan-guias-de-diseno-arquitectonico-que-recopilaron-las-bases-culturales-de-los-pueblos-originarios-de-magallanes\/\">Leer m\u00e1s<\/a><\/p>\n","protected":false},"author":2,"featured_media":16337,"comment_status":"closed","ping_status":"closed","sticky":false,"template":"","format":"standard","meta":{"footnotes":""},"categories":[1],"tags":[],"class_list":["post-16336","post","type-post","status-publish","format-standard","has-post-thumbnail","hentry","category-cronica"],"_links":{"self":[{"href":"https:\/\/www.radiopresidenteibanez.cl\/web\/wp-json\/wp\/v2\/posts\/16336","targetHints":{"allow":["GET"]}}],"collection":[{"href":"https:\/\/www.radiopresidenteibanez.cl\/web\/wp-json\/wp\/v2\/posts"}],"about":[{"href":"https:\/\/www.radiopresidenteibanez.cl\/web\/wp-json\/wp\/v2\/types\/post"}],"author":[{"embeddable":true,"href":"https:\/\/www.radiopresidenteibanez.cl\/web\/wp-json\/wp\/v2\/users\/2"}],"replies":[{"embeddable":true,"href":"https:\/\/www.radiopresidenteibanez.cl\/web\/wp-json\/wp\/v2\/comments?post=16336"}],"version-history":[{"count":0,"href":"https:\/\/www.radiopresidenteibanez.cl\/web\/wp-json\/wp\/v2\/posts\/16336\/revisions"}],"wp:featuredmedia":[{"embeddable":true,"href":"https:\/\/www.radiopresidenteibanez.cl\/web\/wp-json\/wp\/v2\/media\/16337"}],"wp:attachment":[{"href":"https:\/\/www.radiopresidenteibanez.cl\/web\/wp-json\/wp\/v2\/media?parent=16336"}],"wp:term":[{"taxonomy":"category","embeddable":true,"href":"https:\/\/www.radiopresidenteibanez.cl\/web\/wp-json\/wp\/v2\/categories?post=16336"},{"taxonomy":"post_tag","embeddable":true,"href":"https:\/\/www.radiopresidenteibanez.cl\/web\/wp-json\/wp\/v2\/tags?post=16336"}],"curies":[{"name":"wp","href":"https:\/\/api.w.org\/{rel}","templated":true}]}}