{"id":16329,"date":"2020-11-24T05:30:00","date_gmt":"2020-11-24T05:30:00","guid":{"rendered":"https:\/\/www.radiopresidenteibanez.cl\/web\/?p=16329"},"modified":"2020-11-23T20:20:42","modified_gmt":"2020-11-23T20:20:42","slug":"alcalde-radonich-estamos-esperando-que-nuestra-ciudad-reabra","status":"publish","type":"post","link":"https:\/\/www.radiopresidenteibanez.cl\/web\/alcalde-radonich-estamos-esperando-que-nuestra-ciudad-reabra\/","title":{"rendered":"ALCALDE RADONICH: \u201cESTAMOS ESPERANDO QUE NUESTRA CIUDAD REABRA\u201d"},"content":{"rendered":"\n<p>En medio de la sanitizaci\u00f3n de los espacios comunes de 154 Edificios Sociales de nuestra ciudad, el Alcalde Claudio Radonich expres\u00f3: \u201ctal como dijimos, estamos esperando que nuestra ciudad se reabra. Hay medidas que no han sido tan eficaces, otras incoherentes o definitivamente injustas, y es por eso que en paralelo a las gestiones a nivel central, hemos solicitado, por segunda vez, la reapertura del Cementerio Municipal, ya que nos parece incoherente que se abra el Parque Torres del Paine y no podamos reabrir el Cementerio que tiene entrada controlada y est\u00e1 al aire libre\u201d.<\/p>\n\n\n\n<p>En segundo t\u00e9rmino, el jefe comunal agreg\u00f3 que \u201chemos enviado un oficio para la autorizaci\u00f3n correspondiente y poder realizar las Ferias Saludables, puesto que por ser alimentos pasa a ser esencial, y tal como pas\u00f3 en Santiago en cuarentena, las Ferias pod\u00edan funcionar, queremos que las nuestras tambi\u00e9n puedan hacerlo con todas las normas sanitarias\u201d.<\/p>\n\n\n\n<p>Y por \u00faltimo, de acuerdo a lo argumentado por la autoridad local, \u201cel d\u00eda de hoy, hemos oficiado pidiendo que las Galer\u00edas Comerciales de nuestra ciudad puedan abrir, con los protocolos tanto del Ministerio de Econom\u00eda como de Salud, ya que no hay raz\u00f3n para que las galer\u00edas del centro est\u00e9n cerradas, si dentro puede haber locales que vendan productos denominados esenciales, por lo que esperamos tener respuesta lo antes posible, ya que es importante avanzar en la reapertura responsable de Punta Arenas\u201d.<\/p>\n\n\n\n<p>Asimismo, Radonich fue enf\u00e1tico en plantear que \u201cla soluci\u00f3n es de todos y hemos ido extendiendo las acciones municipales para poder combatir la pandemia, y como siempre la Municipalidad est\u00e1 del lado de los vecinos colaborando\u201d.<\/p>\n\n\n\n<p>En cuanto al proceso de sanitizaci\u00f3n propiamente tal, es la sexta vez que la Municipalidad desarrolla esta tarea en los 154 edificios sociales de Punta Arenas, los que albergan a casi 10 mil vecinos, trabajos que comenzaron en abril y mantendr\u00e1n hasta fin de a\u00f1o.&nbsp;<\/p>\n","protected":false},"excerpt":{"rendered":"<p>En medio de la sanitizaci\u00f3n de los espacios comunes de 154 Edificios Sociales de nuestra ciudad, el Alcalde Claudio Radonich expres\u00f3: \u201ctal como dijimos, estamos esperando que nuestra ciudad se&#8230; <a class=\"read-more\" href=\"https:\/\/www.radiopresidenteibanez.cl\/web\/alcalde-radonich-estamos-esperando-que-nuestra-ciudad-reabra\/\">Leer m\u00e1s<\/a><\/p>\n","protected":false},"author":2,"featured_media":16330,"comment_status":"closed","ping_status":"closed","sticky":false,"template":"","format":"standard","meta":{"footnotes":""},"categories":[1],"tags":[],"class_list":["post-16329","post","type-post","status-publish","format-standard","has-post-thumbnail","hentry","category-cronica"],"_links":{"self":[{"href":"https:\/\/www.radiopresidenteibanez.cl\/web\/wp-json\/wp\/v2\/posts\/16329","targetHints":{"allow":["GET"]}}],"collection":[{"href":"https:\/\/www.radiopresidenteibanez.cl\/web\/wp-json\/wp\/v2\/posts"}],"about":[{"href":"https:\/\/www.radiopresidenteibanez.cl\/web\/wp-json\/wp\/v2\/types\/post"}],"author":[{"embeddable":true,"href":"https:\/\/www.radiopresidenteibanez.cl\/web\/wp-json\/wp\/v2\/users\/2"}],"replies":[{"embeddable":true,"href":"https:\/\/www.radiopresidenteibanez.cl\/web\/wp-json\/wp\/v2\/comments?post=16329"}],"version-history":[{"count":0,"href":"https:\/\/www.radiopresidenteibanez.cl\/web\/wp-json\/wp\/v2\/posts\/16329\/revisions"}],"wp:featuredmedia":[{"embeddable":true,"href":"https:\/\/www.radiopresidenteibanez.cl\/web\/wp-json\/wp\/v2\/media\/16330"}],"wp:attachment":[{"href":"https:\/\/www.radiopresidenteibanez.cl\/web\/wp-json\/wp\/v2\/media?parent=16329"}],"wp:term":[{"taxonomy":"category","embeddable":true,"href":"https:\/\/www.radiopresidenteibanez.cl\/web\/wp-json\/wp\/v2\/categories?post=16329"},{"taxonomy":"post_tag","embeddable":true,"href":"https:\/\/www.radiopresidenteibanez.cl\/web\/wp-json\/wp\/v2\/tags?post=16329"}],"curies":[{"name":"wp","href":"https:\/\/api.w.org\/{rel}","templated":true}]}}