{"id":16322,"date":"2020-11-24T04:30:00","date_gmt":"2020-11-24T04:30:00","guid":{"rendered":"https:\/\/www.radiopresidenteibanez.cl\/web\/?p=16322"},"modified":"2020-11-23T20:13:06","modified_gmt":"2020-11-23T20:13:06","slug":"funcionarios-de-la-direccion-del-transito-municipal-fueron-capacitados-para-un-correcto-uso-del-lenguaje-inclusivo","status":"publish","type":"post","link":"https:\/\/www.radiopresidenteibanez.cl\/web\/funcionarios-de-la-direccion-del-transito-municipal-fueron-capacitados-para-un-correcto-uso-del-lenguaje-inclusivo\/","title":{"rendered":"FUNCIONARIOS DE LA DIRECCI\u00d3N DEL TR\u00c1NSITO MUNICIPAL FUERON CAPACITADOS PARA UN CORRECTO USO DEL LENGUAJE INCLUSIVO"},"content":{"rendered":"\n<p>Con el objetivo de educar respecto a c\u00f3mo tratar y referirse\na las personas en situaci\u00f3n de discapacidad, el Programa de Apoyo a Personas en\nSituaci\u00f3n de Discapacidad, dependiente de la Direcci\u00f3n de Desarrollo\nComunitario, llev\u00f3 adelante una capacitaci\u00f3n sobre lenguaje inclusivo y\ndiscapacidad a los funcionarios y funcionarias de la Direcci\u00f3n del Tr\u00e1nsito de\nla Municipalidad de Punta Arenas.<\/p>\n\n\n\n<p>En la oportunidad, cerca de 40 personas conocieron cu\u00e1les\nson los t\u00e9rminos correctos para referirse a personas en situaci\u00f3n de\ndiscapacidad y aclararon dudas, todo lo cual permitir\u00e1 avanzar en los procesos\nde inclusi\u00f3n en los diferentes departamentos y unidades del Municipio.<\/p>\n\n\n\n<p>\u201cHay ciertas leyes, como la Ley de Inclusi\u00f3n (Ley 20.422),\nque ya deben ser aplicadas tanto en nuestras dependencias, en lo que es\natenci\u00f3n de p\u00fablico y en el acceso a la informaci\u00f3n, como en la vida.\nObviamente, por temas de presupuesto y de generar los proyectos, no es tan\nf\u00e1cil. Pero consideramos que una parte importante para comenzar a dar este paso\na la inclusi\u00f3n, es que nosotros como servicio de atenci\u00f3n de p\u00fablico, podamos\nsaber c\u00f3mo expresarnos frente a las personas en situaci\u00f3n de discapacidad\u201d,\nafirm\u00f3 el director del Tr\u00e1nsito de la Municipalidad de Punta Arenas, Marcel\nBerm\u00fadez.<\/p>\n\n\n\n<p>La capacitaci\u00f3n se realiz\u00f3 de manera virtual, a trav\u00e9s de la\nplataforma zoom, y los funcionarios de la Direcci\u00f3n del Tr\u00e1nsito agradecieron\nla capacitaci\u00f3n, cuya idea naci\u00f3 desde la necesidad de ambas direcciones de\npoder avanzar en materia de inclusi\u00f3n y permitir\u00e1 contar con mejores\nherramientas para la correcta atenci\u00f3n de p\u00fablico.<\/p>\n","protected":false},"excerpt":{"rendered":"<p>Con el objetivo de educar respecto a c\u00f3mo tratar y referirse a las personas en situaci\u00f3n de discapacidad, el Programa de Apoyo a Personas en Situaci\u00f3n de Discapacidad, dependiente de&#8230; <a class=\"read-more\" href=\"https:\/\/www.radiopresidenteibanez.cl\/web\/funcionarios-de-la-direccion-del-transito-municipal-fueron-capacitados-para-un-correcto-uso-del-lenguaje-inclusivo\/\">Leer m\u00e1s<\/a><\/p>\n","protected":false},"author":2,"featured_media":16323,"comment_status":"closed","ping_status":"closed","sticky":false,"template":"","format":"standard","meta":{"footnotes":""},"categories":[1],"tags":[],"class_list":["post-16322","post","type-post","status-publish","format-standard","has-post-thumbnail","hentry","category-cronica"],"_links":{"self":[{"href":"https:\/\/www.radiopresidenteibanez.cl\/web\/wp-json\/wp\/v2\/posts\/16322","targetHints":{"allow":["GET"]}}],"collection":[{"href":"https:\/\/www.radiopresidenteibanez.cl\/web\/wp-json\/wp\/v2\/posts"}],"about":[{"href":"https:\/\/www.radiopresidenteibanez.cl\/web\/wp-json\/wp\/v2\/types\/post"}],"author":[{"embeddable":true,"href":"https:\/\/www.radiopresidenteibanez.cl\/web\/wp-json\/wp\/v2\/users\/2"}],"replies":[{"embeddable":true,"href":"https:\/\/www.radiopresidenteibanez.cl\/web\/wp-json\/wp\/v2\/comments?post=16322"}],"version-history":[{"count":0,"href":"https:\/\/www.radiopresidenteibanez.cl\/web\/wp-json\/wp\/v2\/posts\/16322\/revisions"}],"wp:featuredmedia":[{"embeddable":true,"href":"https:\/\/www.radiopresidenteibanez.cl\/web\/wp-json\/wp\/v2\/media\/16323"}],"wp:attachment":[{"href":"https:\/\/www.radiopresidenteibanez.cl\/web\/wp-json\/wp\/v2\/media?parent=16322"}],"wp:term":[{"taxonomy":"category","embeddable":true,"href":"https:\/\/www.radiopresidenteibanez.cl\/web\/wp-json\/wp\/v2\/categories?post=16322"},{"taxonomy":"post_tag","embeddable":true,"href":"https:\/\/www.radiopresidenteibanez.cl\/web\/wp-json\/wp\/v2\/tags?post=16322"}],"curies":[{"name":"wp","href":"https:\/\/api.w.org\/{rel}","templated":true}]}}