{"id":16318,"date":"2020-11-24T02:45:00","date_gmt":"2020-11-24T02:45:00","guid":{"rendered":"https:\/\/www.radiopresidenteibanez.cl\/web\/?p=16318"},"modified":"2020-11-23T19:12:58","modified_gmt":"2020-11-23T19:12:58","slug":"sernapesca-devuelve-777-kilos-de-centolla-viva-incautada-al-mar","status":"publish","type":"post","link":"https:\/\/www.radiopresidenteibanez.cl\/web\/sernapesca-devuelve-777-kilos-de-centolla-viva-incautada-al-mar\/","title":{"rendered":"SERNAPESCA DEVUELVE 777 KILOS DE CENTOLLA VIVA INCAUTADA AL MAR"},"content":{"rendered":"\n<p>Durante el fin de semana, la Capitan\u00eda de Puerto de Puerto Williams notific\u00f3 a Sernapesca sobre una embarcaci\u00f3n que posiblemente mantendr\u00eda centolla viva en sus bodegas. Es por esta raz\u00f3n que los funcionarios de Sernapesca, en colaboraci\u00f3n con personal de la Armada inspeccionaron la nave que se encontraba fondeada en la bah\u00eda de Puerto Williams.<\/p>\n\n\n\n<p>Con apoyo de una patrulla de la Capitan\u00eda de Puerto, se le dio la orden al patr\u00f3n de la nave para que se dirigiera hasta el muelle Prat para ser registrada por funcionarios de Sernapesca, quienes encontraron en las bodegas de la embarcaci\u00f3n un total de 777 kilos de centolla macho vivas que hab\u00edan sido capturadas de manera ilegal.<\/p>\n\n\n\n<p>La embarcaci\u00f3n no contaba con los permisos para extraer el recurso. El infractor reconoci\u00f3 la falta, ya que solo contaba con autorizaci\u00f3n para la extracci\u00f3n de centoll\u00f3n.<\/p>\n\n\n\n<p>Finalmente los funcionarios de Sernapesca en conjunto con personal de la Armada devolvieron el recurso a su medio natural, y cursaron una citaci\u00f3n a 1er Juzgado de Punta Arenas.<\/p>\n\n\n\n<p>El Director Regional de Sernapesca Magallanes, Patricio D\u00edaz, agradeci\u00f3 el apoyo de La Autoridad Mar\u00edtima, \u201cesta fiscalizaci\u00f3n se enmarca la red sustenta, que busca resguardar la sustentabilidad de la pesca y acuicultura, y cuyo objetivo es realizar un trabajo colaborativo e integral para proteger los recursos pesqueros. En este sentido, agradecemos el constante apoyo de la Armada, quienes siempre nos colaboran tanto en las fiscalizaciones de aguas continentales, como en el mar.\u201d Asegur\u00f3.<\/p>\n","protected":false},"excerpt":{"rendered":"<p>Durante el fin de semana, la Capitan\u00eda de Puerto de Puerto Williams notific\u00f3 a Sernapesca sobre una embarcaci\u00f3n que posiblemente mantendr\u00eda centolla viva en sus bodegas. Es por esta raz\u00f3n&#8230; <a class=\"read-more\" href=\"https:\/\/www.radiopresidenteibanez.cl\/web\/sernapesca-devuelve-777-kilos-de-centolla-viva-incautada-al-mar\/\">Leer m\u00e1s<\/a><\/p>\n","protected":false},"author":2,"featured_media":16319,"comment_status":"closed","ping_status":"closed","sticky":false,"template":"","format":"standard","meta":{"footnotes":""},"categories":[1],"tags":[],"class_list":["post-16318","post","type-post","status-publish","format-standard","has-post-thumbnail","hentry","category-cronica"],"_links":{"self":[{"href":"https:\/\/www.radiopresidenteibanez.cl\/web\/wp-json\/wp\/v2\/posts\/16318","targetHints":{"allow":["GET"]}}],"collection":[{"href":"https:\/\/www.radiopresidenteibanez.cl\/web\/wp-json\/wp\/v2\/posts"}],"about":[{"href":"https:\/\/www.radiopresidenteibanez.cl\/web\/wp-json\/wp\/v2\/types\/post"}],"author":[{"embeddable":true,"href":"https:\/\/www.radiopresidenteibanez.cl\/web\/wp-json\/wp\/v2\/users\/2"}],"replies":[{"embeddable":true,"href":"https:\/\/www.radiopresidenteibanez.cl\/web\/wp-json\/wp\/v2\/comments?post=16318"}],"version-history":[{"count":0,"href":"https:\/\/www.radiopresidenteibanez.cl\/web\/wp-json\/wp\/v2\/posts\/16318\/revisions"}],"wp:featuredmedia":[{"embeddable":true,"href":"https:\/\/www.radiopresidenteibanez.cl\/web\/wp-json\/wp\/v2\/media\/16319"}],"wp:attachment":[{"href":"https:\/\/www.radiopresidenteibanez.cl\/web\/wp-json\/wp\/v2\/media?parent=16318"}],"wp:term":[{"taxonomy":"category","embeddable":true,"href":"https:\/\/www.radiopresidenteibanez.cl\/web\/wp-json\/wp\/v2\/categories?post=16318"},{"taxonomy":"post_tag","embeddable":true,"href":"https:\/\/www.radiopresidenteibanez.cl\/web\/wp-json\/wp\/v2\/tags?post=16318"}],"curies":[{"name":"wp","href":"https:\/\/api.w.org\/{rel}","templated":true}]}}