{"id":16311,"date":"2020-11-24T04:00:00","date_gmt":"2020-11-24T04:00:00","guid":{"rendered":"https:\/\/www.radiopresidenteibanez.cl\/web\/?p=16311"},"modified":"2020-11-23T15:28:36","modified_gmt":"2020-11-23T15:28:36","slug":"ampliacion-del-convenio-entre-minvu-y-minmujeryeg-beneficiara-a-mujeres-victimas-de-violencia-en-magallanes","status":"publish","type":"post","link":"https:\/\/www.radiopresidenteibanez.cl\/web\/ampliacion-del-convenio-entre-minvu-y-minmujeryeg-beneficiara-a-mujeres-victimas-de-violencia-en-magallanes\/","title":{"rendered":"AMPLIACI\u00d3N DEL CONVENIO ENTRE MINVU Y MINMUJERYEG BENEFICIAR\u00c1 A MUJERES V\u00cdCTIMAS DE VIOLENCIA EN MAGALLANES"},"content":{"rendered":"\n<p>Los seremis de Vivienda y Urbanismo, <strong>Jos\u00e9 Miguel Horcos<\/strong>, de la Mujer y Equidad de G\u00e9nero, <strong>Daisy Carrera<\/strong> y los directores: De Serviu, <strong>Dubalio P\u00e9rez<\/strong> y del Servicio de la Mujer y Equidad de G\u00e9nero, <strong>Fabiola Garc\u00eda<\/strong>, valoraron el nuevo \u00a0<strong>\u201cConvenio de Subsidio Habitacional de Mujeres V\u00edctimas de Violencia\u201d, <\/strong>para abordar la necesidad habitacional de v\u00edctimas de violencia intrafamiliar y otros tipos de violencia como, por ejemplo, la violencia en el pololeo. Este convenio, que es una ampliaci\u00f3n de uno ya existente, busca ser una herramienta de apoyo para lograr acceso a la vivienda a grupos que requieren especial atenci\u00f3n. <\/p>\n\n\n\n<p>En la ocasi\u00f3n, el seremi Horcos\nse\u00f1al\u00f3 que \u201cExist\u00eda un convenio, que requer\u00eda de actualizaci\u00f3n, y esto\npr\u00e1cticamente es un nuevo convenio que entrega una herramienta eficaz, que\nentrega una herramienta r\u00e1pida para ir en ayuda de mujeres cuando est\u00e1n siendo\nv\u00edctimas de violencia de g\u00e9nero. Ampliamos la cobertura, ya no es solo para\ncasos de violencia intrafamiliar, sino que, cada vez que nos encontremos frente\na violencia de g\u00e9nero, el Minvu va a poder entregar r\u00e1pidamente un subsidio de\narriendo para ir en ayuda\u201d.<\/p>\n\n\n\n<p>En tanto, el director regional\ndel Serviu, Dubalio P\u00e9rez, agreg\u00f3, \u201cSin duda agradecemos el trabajo que realiza\nel Ministerio de la Mujer, en lo que es conocer el caso socialmente y apoyar a\nlas mujeres en el proceso. Quiero destacar que \u2013 en este caso \u2013 el Serviu juega\nel rol m\u00e1s secundario, el proceso completo se realiza en Sernameg y son ellos\nquienes nos presentan la demada\u201d.<\/p>\n\n\n\n<p>Por su parte, la seremi de la\nMujer y Equidad de G\u00e9nero, Daisy Carrera, explic\u00f3 la trascendencia de esta\nmedida se\u00f1alando que \u201cHoy, en tiempos de Pandemia, la violencia de g\u00e9nero se ha\nacrecentado y es m\u00e1s que nunca nuestro compromiso, de ir en apoyo de ellas, a\ntrav\u00e9s de SernamEG con sus profesionales, y que tengan las garant\u00edas de que\npueden vivir en un lugar seguro.\u201d<\/p>\n\n\n\n<p>La directora regional de\nSernameg, Fabiola Garc\u00eda, coment\u00f3 sobre la importancia de este convenio. \u201cEs\nuna realidad que muchas de las sobrevivientes de violencia que entran a\nnuestros dispositivos, han sufrido tambi\u00e9n violencia econ\u00f3mica y patrimonial,\nprincipalmente por haberse dedicado al trabajo dom\u00e9stico no remunerado, como lo\nes el cuidado de ni\u00f1os, ni\u00f1as y adultos mayores, y labores dentro del hogar, lo\nque inevitablemente las conduce a la dependencia econ\u00f3mica. Es por esto que\neste convenio que se fortalece hoy con el Minvu, no se trata solo de un\nsubsidio de vivienda, es una efectiva oportunidad para que mujeres puedan recuperar\nsu autonom\u00eda f\u00edsica, ps\u00edquica y patrimonial\u201d.<\/p>\n\n\n\n<p><strong>Puntos principales del\nconvenio<\/strong><\/p>\n\n\n\n<p><strong>\u00bfCu\u00e1les son las principales\ndiferencias entre el convenio anterior y el actual?<\/strong><\/p>\n\n\n\n<ol class=\"wp-block-list\"><li>El\n     actual incorpora la violencia de g\u00e9nero, es decir, ampl\u00eda el concepto a\n     todo tipo de violencias (por ejemplo, pololeo). El anterior especificaba\n     violencia intrafamiliar solo entre personas del n\u00facleo familiar cercano.<\/li><li>El\n     Subsidio de Arriendo es el principal beneficio que se le otorgar\u00e1 a las\n     v\u00edctimas para erradicarlas r\u00e1pidamente del entorno en el cual sufre\n     violencia. <\/li><\/ol>\n\n\n\n<p><strong>\u00bfQu\u00e9 permite este convenio?<\/strong><\/p>\n\n\n\n<ul class=\"wp-block-list\"><li>Subsidio\n     de Arriendo como principal herramienta para un traslado r\u00e1pido de vivienda\n     de la mujer v\u00edctima de violencia.<\/li><li>Acceso\n     preferente a los siguientes programas Minvu: DS49, DS1, Subsidio de\n     Arriendo Regular, Habitabilidad Rural (DS10) y Hogar Mejor. <\/li><\/ul>\n\n\n\n<p><strong>\u00bfQui\u00e9nes pueden acceder?<\/strong><\/p>\n\n\n\n<p>Mujeres v\u00edctimas de violencia que\nson derivadas por alguno de los dispositivos de SERNAMEG, como las Casas de\nAcogida o los Centros de la Mujer, en las distintas regiones y comunas.<\/p>\n\n\n\n<p><strong>\u00bfCu\u00e1ntos cupos existen?<\/strong><\/p>\n\n\n\n<p>El convenio no especifica cupos a\npriori, sino que se definen en base a la derivaci\u00f3n que se realiza desde\nSERNAMEG.<\/p>\n","protected":false},"excerpt":{"rendered":"<p>Los seremis de Vivienda y Urbanismo, Jos\u00e9 Miguel Horcos, de la Mujer y Equidad de G\u00e9nero, Daisy Carrera y los directores: De Serviu, Dubalio P\u00e9rez y del Servicio de la&#8230; <a class=\"read-more\" href=\"https:\/\/www.radiopresidenteibanez.cl\/web\/ampliacion-del-convenio-entre-minvu-y-minmujeryeg-beneficiara-a-mujeres-victimas-de-violencia-en-magallanes\/\">Leer m\u00e1s<\/a><\/p>\n","protected":false},"author":2,"featured_media":16312,"comment_status":"closed","ping_status":"closed","sticky":false,"template":"","format":"standard","meta":{"footnotes":""},"categories":[1],"tags":[],"class_list":["post-16311","post","type-post","status-publish","format-standard","has-post-thumbnail","hentry","category-cronica"],"_links":{"self":[{"href":"https:\/\/www.radiopresidenteibanez.cl\/web\/wp-json\/wp\/v2\/posts\/16311","targetHints":{"allow":["GET"]}}],"collection":[{"href":"https:\/\/www.radiopresidenteibanez.cl\/web\/wp-json\/wp\/v2\/posts"}],"about":[{"href":"https:\/\/www.radiopresidenteibanez.cl\/web\/wp-json\/wp\/v2\/types\/post"}],"author":[{"embeddable":true,"href":"https:\/\/www.radiopresidenteibanez.cl\/web\/wp-json\/wp\/v2\/users\/2"}],"replies":[{"embeddable":true,"href":"https:\/\/www.radiopresidenteibanez.cl\/web\/wp-json\/wp\/v2\/comments?post=16311"}],"version-history":[{"count":0,"href":"https:\/\/www.radiopresidenteibanez.cl\/web\/wp-json\/wp\/v2\/posts\/16311\/revisions"}],"wp:featuredmedia":[{"embeddable":true,"href":"https:\/\/www.radiopresidenteibanez.cl\/web\/wp-json\/wp\/v2\/media\/16312"}],"wp:attachment":[{"href":"https:\/\/www.radiopresidenteibanez.cl\/web\/wp-json\/wp\/v2\/media?parent=16311"}],"wp:term":[{"taxonomy":"category","embeddable":true,"href":"https:\/\/www.radiopresidenteibanez.cl\/web\/wp-json\/wp\/v2\/categories?post=16311"},{"taxonomy":"post_tag","embeddable":true,"href":"https:\/\/www.radiopresidenteibanez.cl\/web\/wp-json\/wp\/v2\/tags?post=16311"}],"curies":[{"name":"wp","href":"https:\/\/api.w.org\/{rel}","templated":true}]}}