{"id":16305,"date":"2020-11-24T03:15:00","date_gmt":"2020-11-24T03:15:00","guid":{"rendered":"https:\/\/www.radiopresidenteibanez.cl\/web\/?p=16305"},"modified":"2020-11-23T15:18:04","modified_gmt":"2020-11-23T15:18:04","slug":"plataforma-virtual-magallanica-academia-legospatagonia-apuesta-por-la-trasformacion-de-la-educacion-por-medio-del-aprendizaje-basado-en-el-juego-y-nuevas-tecnologias","status":"publish","type":"post","link":"https:\/\/www.radiopresidenteibanez.cl\/web\/plataforma-virtual-magallanica-academia-legospatagonia-apuesta-por-la-trasformacion-de-la-educacion-por-medio-del-aprendizaje-basado-en-el-juego-y-nuevas-tecnologias\/","title":{"rendered":"PLATAFORMA VIRTUAL MAGALL\u00c1NICA ACADEMIA LEGOSPATAGONIA APUESTA POR LA TRASFORMACI\u00d3N DE LA EDUCACI\u00d3N POR MEDIO DEL APRENDIZAJE BASADO EN EL JUEGO Y NUEVAS TECNOLOG\u00cdAS"},"content":{"rendered":"\n<p>Autoridades regionales participaron del lanzamiento de la primera plataforma de educaci\u00f3n virtual personalizada para Chile y Latinoam\u00e9rica,\n\u201cAcademia LegosPatagonia\u201d, iniciativa apoyada por Corfo, que busca disminuir las brechas en el acceso a las nuevas tecnolog\u00edas, para\ngarantizar una educaci\u00f3n inclusiva, equitativa y de calidad a todos los ni\u00f1os y\nj\u00f3venes, potenciando las \u00e1reas cognitivas,\nemocionales y socioculturales, ayudando en el desarrollo de sus\nhabilidades y competencias.<\/p>\n\n\n\n<p>Sus\ncreadores, son j\u00f3venes emprendedores magall\u00e1nicos con un gran sentido social.\nLuis Navarro y Nicol\u00e1s Silva, junto a otros 5 integrantes, son los mentores de\nesta plataforma basada en psicopedagog\u00eda,\ntecnolog\u00eda e innovaci\u00f3n y dirigida a profesionales de la\neducaci\u00f3n, salud y ciencias sociales, adem\u00e1s de estudiantes, padres y\/o\napoderados. <\/p>\n\n\n\n<p>La\nmetodolog\u00eda de trabajo apunta a la construcci\u00f3n de experiencias y aprendizajes\nsignificativos por medio de Lego, Serius Play y gamificaci\u00f3n, utilizando\nherramientas tecnol\u00f3gicas como rob\u00f3tica inicial, Lego Education, impresoras 3D\ny ludotecas. <\/p>\n\n\n\n<p><strong>Workshop Lego Terapia<\/strong><\/p>\n\n\n\n<p>Como su nombre lo indica, es una terapia a trav\u00e9s del\njuego, donde esperan capacitar a profesiones, padres o apoderados con el fin de\nque puedan manejar esta herramienta de intervenci\u00f3n de habilidades\nsocioemocionales hacia la condici\u00f3n del espectro autista. <\/p>\n\n\n\n<p>Luis Navarro, director de Legos Patagonia, recalc\u00f3 que\nesperan que a trav\u00e9s de esta herramienta virtualtodos los ni\u00f1os y\nj\u00f3venes puedan jugar, descubrir y alcanzar oportunidades que les permitan\ntransformar sus realidades. \u201cHoy lanzamos la plataforma y el workshop Lego\nTerapia para transformar la realidad de los ni\u00f1os y j\u00f3venes con la condici\u00f3n\ndel espectro autista y volver a jugar con sentido. Queremos motivar a aquellos\nque trabajan con ni\u00f1os con el espectro autista, mutismo selectivo, trastornos\ndel lenguaje, comunicaci\u00f3n o simplemente que quieran tener herramientas basada\nen el juego, pueden hacerlo\u201d.&nbsp; <\/p>\n\n\n\n<p>El workshop lego Terapia, tiene un valor de $150.00 e\nincluye tres clases te\u00f3ricas personalizadas y acompa\u00f1amiento a trav\u00e9s de una\nplataforma de tareas y consultas. Se enviar\u00e1, sin costo, un kit con material de\ntrabajo, el cual contiene 120 piezas de legos, dossier e informaci\u00f3n relevante\nde Lego Terapia.<\/p>\n\n\n\n<p>&nbsp;&nbsp;&nbsp;&nbsp;&nbsp;&nbsp;&nbsp;&nbsp;&nbsp;&nbsp;&nbsp;&nbsp;&nbsp;&nbsp;&nbsp; \u201cLa idea es masificar esta\nherramienta y que muchas m\u00e1s personas puedan trabajar con nuestros ni\u00f1os y\nj\u00f3venes para su intervenci\u00f3n y conseguir los beneficios que se adquieren a trav\u00e9s\nde esto\u201d, destac\u00f3 Nicol\u00e1s Silva, psicopedagogo y docente capacitador de Legos\nPatagonia.<\/p>\n\n\n\n<p><strong>Apuesta\npor el emprendimiento social<\/strong><\/p>\n\n\n\n<p>Se adjudicaron el fondo de $15 mm, Semilla Inicia de\nCorfo, con el cual lograron poner en marcha su sue\u00f1o, la creaci\u00f3n de la plataforma\nvirtual. \u201cGanarnos este fondo, fue un apoyo fundamental para nuestro sue\u00f1o y\nproyecto de transformar la educaci\u00f3n. Con los recursos, levantamos la\nplataforma, los kits, los dise\u00f1os y los talleres que realizaremos\u201d, coment\u00f3\nLuis Navarro. &nbsp;<\/p>\n\n\n\n<p>Natalia\nEaston, Seremi de Econom\u00eda, Fomento y Turismo, destac\u00f3 este\nemprendimiento, como un ejemplo para la Regi\u00f3n. \u201cSon emprendedores muy j\u00f3venes\nque justamente tienen una base social, generar impacto en la educaci\u00f3n de los\nni\u00f1os, que tambi\u00e9n es una de las prioridades como Gobierno. En definitiva, el\nllamado es a avanzar para poder ejecutar estas ideas de negocio que tienen un\nimpacto social, como lo es la educaci\u00f3n, uno de los pilares que tenemos que\ndestacar, impulsar y fomentar en la regi\u00f3n de Magallanes y en todo el\nterritorio nacional\u201d. Agreg\u00f3 que a trav\u00e9s de la red de fomento de Corfo y\nSercotec, se est\u00e1 trabajando en impulsar que Magallanes sea l\u00edder en t\u00e9rminos\nde emprendimiento y desarrollo de actividades con impacto social.&nbsp;&nbsp;&nbsp; <\/p>\n\n\n\n<p>El\nSecretario General de la Corporaci\u00f3n Municipal de Punta Arenas, Segundo\n\u00c1lvarez, se\u00f1al\u00f3 \u201cEs un proyecto muy interesante realizado por j\u00f3venes\nmagall\u00e1nicos, que buscan la forma de c\u00f3mo ense\u00f1arles a los ni\u00f1os de\nintegraci\u00f3n, jugando. De una manera m\u00e1s simple y que, en definitiva, les\npermiten desarrollar habilidades\u201d. <\/p>\n\n\n\n<p>Por\n\u00faltimo, Marcelo Canobra, Director Regional de Corfo, indic\u00f3 \u201cEstoy muy contento\nde apoyar a trav\u00e9s de Corfo este tipo de proyecto que apunta al emprendimiento\ncomo negocio, pero tambi\u00e9n, con componente social. Los emprendedores est\u00e1n muy\nbien aspectados, entienden muy bien el problema que significa educar y cambiar\nlos niveles de desarrollo en los ni\u00f1os con espectro autista y creo que desde\nMagallanes podemos ser una plataforma digital que apoye a todo Latino Am\u00e9rica y\nque se transforme no solo en un negocio, si no, en un programa de\nresponsabilidad social\u201d. <\/p>\n","protected":false},"excerpt":{"rendered":"<p>Autoridades regionales participaron del lanzamiento de la primera plataforma de educaci\u00f3n virtual personalizada para Chile y Latinoam\u00e9rica, \u201cAcademia LegosPatagonia\u201d, iniciativa apoyada por Corfo, que busca disminuir las brechas en el&#8230; <a class=\"read-more\" href=\"https:\/\/www.radiopresidenteibanez.cl\/web\/plataforma-virtual-magallanica-academia-legospatagonia-apuesta-por-la-trasformacion-de-la-educacion-por-medio-del-aprendizaje-basado-en-el-juego-y-nuevas-tecnologias\/\">Leer m\u00e1s<\/a><\/p>\n","protected":false},"author":2,"featured_media":16306,"comment_status":"closed","ping_status":"closed","sticky":false,"template":"","format":"standard","meta":{"footnotes":""},"categories":[1],"tags":[],"class_list":["post-16305","post","type-post","status-publish","format-standard","has-post-thumbnail","hentry","category-cronica"],"_links":{"self":[{"href":"https:\/\/www.radiopresidenteibanez.cl\/web\/wp-json\/wp\/v2\/posts\/16305","targetHints":{"allow":["GET"]}}],"collection":[{"href":"https:\/\/www.radiopresidenteibanez.cl\/web\/wp-json\/wp\/v2\/posts"}],"about":[{"href":"https:\/\/www.radiopresidenteibanez.cl\/web\/wp-json\/wp\/v2\/types\/post"}],"author":[{"embeddable":true,"href":"https:\/\/www.radiopresidenteibanez.cl\/web\/wp-json\/wp\/v2\/users\/2"}],"replies":[{"embeddable":true,"href":"https:\/\/www.radiopresidenteibanez.cl\/web\/wp-json\/wp\/v2\/comments?post=16305"}],"version-history":[{"count":0,"href":"https:\/\/www.radiopresidenteibanez.cl\/web\/wp-json\/wp\/v2\/posts\/16305\/revisions"}],"wp:featuredmedia":[{"embeddable":true,"href":"https:\/\/www.radiopresidenteibanez.cl\/web\/wp-json\/wp\/v2\/media\/16306"}],"wp:attachment":[{"href":"https:\/\/www.radiopresidenteibanez.cl\/web\/wp-json\/wp\/v2\/media?parent=16305"}],"wp:term":[{"taxonomy":"category","embeddable":true,"href":"https:\/\/www.radiopresidenteibanez.cl\/web\/wp-json\/wp\/v2\/categories?post=16305"},{"taxonomy":"post_tag","embeddable":true,"href":"https:\/\/www.radiopresidenteibanez.cl\/web\/wp-json\/wp\/v2\/tags?post=16305"}],"curies":[{"name":"wp","href":"https:\/\/api.w.org\/{rel}","templated":true}]}}