{"id":16303,"date":"2020-11-24T03:00:00","date_gmt":"2020-11-24T03:00:00","guid":{"rendered":"https:\/\/www.radiopresidenteibanez.cl\/web\/?p=16303"},"modified":"2020-11-23T14:48:22","modified_gmt":"2020-11-23T14:48:22","slug":"lanzan-cinco-cursos-para-buscar-empleo-y-ser-eficiente-en-trabajo-a-distancia","status":"publish","type":"post","link":"https:\/\/www.radiopresidenteibanez.cl\/web\/lanzan-cinco-cursos-para-buscar-empleo-y-ser-eficiente-en-trabajo-a-distancia\/","title":{"rendered":"LANZAN CINCO CURSOS PARA BUSCAR EMPLEO Y SER EFICIENTE EN TRABAJO A DISTANCIA"},"content":{"rendered":"\n<p>Los efectos de la pandemia y la\napresurada llegada de la digitalizaci\u00f3n del empleo cambiaron el escenario\nlaboral de los magall\u00e1nicos. Reinvenci\u00f3n laboral, b\u00fasqueda de nuevas oportunidades\nlaborales, junto con la realizaci\u00f3n de teletrabajo han sido la t\u00f3nica,\nespecialmente, de los \u00faltimos meses.<\/p>\n\n\n\n<p>Por esta raz\u00f3n, con el objetivo de\napoyar a los trabajadores en esta etapa, el Servicio Nacional de Capacitaci\u00f3n y\nEmpleo (Sence) firm\u00f3 una alianza con la empresa eClass de educaci\u00f3n online,\ntras lo cual lanzaron cinco cursos bajo el nombre \u201cBusca empleo\u201d. <\/p>\n\n\n\n<p>As\u00ed lo anunci\u00f3 la Seremi del Trabajo,\nVictoria Cort\u00e9s Schiattino, informando que \u201cson cinco cursos, todos gratuitos y\ncompletamente en l\u00ednea centrados en las tem\u00e1ticas de desarrollo de habilidades\npersonales, b\u00fasqueda de empleo y administraci\u00f3n del tiempo. Son cupos\nilimitados, no obstante, el per\u00edodo en que estos cursos estar\u00e1n disponibles\nser\u00e1 entre el 17 de noviembre al 17 de febrero, por lo que todos aquellos\ninteresados pueden inscribirse desde ahora\u201d.<\/p>\n\n\n\n<p>Tal como explic\u00f3 la seremi, los\nm\u00f3dulos pueden ser realizados por cualquier persona interesada en aprender, que\ncuente con Rut y sea mayor de 18 a\u00f1os. Los cursos estar\u00e1n disponibles durante\ntres meses a trav\u00e9s del sitio web de la instituci\u00f3n, <a href=\"http:\/\/www.sence.cl\">www.sence.cl<\/a> <\/p>\n\n\n\n<p>El director regional de Sence\nMagallanes, Enrique Hern\u00e1ndez Pino, se\u00f1al\u00f3 que \u201cesta pandemia ha cambiado la\nforma y el modo de trabajar y sabemos que no ha sido f\u00e1cil para nadie. Por\ntanto, considero que esta es una importante alternativa, ya que, junto con\neClass, entregaremos estas herramientas para que las personas que busquen\nempleo tengan una gu\u00eda para comenzar a hacerlo\u201d.<\/p>\n\n\n\n<p>Los cinco cursos que, desde ahora,\nest\u00e1n disponibles son: \u201cMarca Personal, construyendo una imagen \u00f3ptima y\neficiente\u201d, \u201cB\u00fasqueda efectiva del empleo, c\u00f3mo iniciar una b\u00fasqueda laboral\nexitosa\u201d, \u201cPrep\u00e1rate para una entrevista laboral online, c\u00f3mo comunicar tus\natributos laborales tras una pantalla\u201d, \u201cAdministraci\u00f3n del tiempo, los\nbeneficios de planificar\u201d, \u201cC\u00f3mo sacarle partido al teletrabajo, comprendiendo\nuna nueva cultura laboral\u201d.<\/p>\n\n\n\n<p>La realizaci\u00f3n de cada uno de estos\nm\u00f3dulos depende del inter\u00e9s de la persona y pueden tomarse por separado, en el\norden que cada uno estime conveniente, ya que los cupos son ilimitados.<\/p>\n","protected":false},"excerpt":{"rendered":"<p>Los efectos de la pandemia y la apresurada llegada de la digitalizaci\u00f3n del empleo cambiaron el escenario laboral de los magall\u00e1nicos. Reinvenci\u00f3n laboral, b\u00fasqueda de nuevas oportunidades laborales, junto con&#8230; <a class=\"read-more\" href=\"https:\/\/www.radiopresidenteibanez.cl\/web\/lanzan-cinco-cursos-para-buscar-empleo-y-ser-eficiente-en-trabajo-a-distancia\/\">Leer m\u00e1s<\/a><\/p>\n","protected":false},"author":2,"featured_media":10712,"comment_status":"closed","ping_status":"closed","sticky":false,"template":"","format":"standard","meta":{"footnotes":""},"categories":[1],"tags":[],"class_list":["post-16303","post","type-post","status-publish","format-standard","has-post-thumbnail","hentry","category-cronica"],"_links":{"self":[{"href":"https:\/\/www.radiopresidenteibanez.cl\/web\/wp-json\/wp\/v2\/posts\/16303","targetHints":{"allow":["GET"]}}],"collection":[{"href":"https:\/\/www.radiopresidenteibanez.cl\/web\/wp-json\/wp\/v2\/posts"}],"about":[{"href":"https:\/\/www.radiopresidenteibanez.cl\/web\/wp-json\/wp\/v2\/types\/post"}],"author":[{"embeddable":true,"href":"https:\/\/www.radiopresidenteibanez.cl\/web\/wp-json\/wp\/v2\/users\/2"}],"replies":[{"embeddable":true,"href":"https:\/\/www.radiopresidenteibanez.cl\/web\/wp-json\/wp\/v2\/comments?post=16303"}],"version-history":[{"count":0,"href":"https:\/\/www.radiopresidenteibanez.cl\/web\/wp-json\/wp\/v2\/posts\/16303\/revisions"}],"wp:featuredmedia":[{"embeddable":true,"href":"https:\/\/www.radiopresidenteibanez.cl\/web\/wp-json\/wp\/v2\/media\/10712"}],"wp:attachment":[{"href":"https:\/\/www.radiopresidenteibanez.cl\/web\/wp-json\/wp\/v2\/media?parent=16303"}],"wp:term":[{"taxonomy":"category","embeddable":true,"href":"https:\/\/www.radiopresidenteibanez.cl\/web\/wp-json\/wp\/v2\/categories?post=16303"},{"taxonomy":"post_tag","embeddable":true,"href":"https:\/\/www.radiopresidenteibanez.cl\/web\/wp-json\/wp\/v2\/tags?post=16303"}],"curies":[{"name":"wp","href":"https:\/\/api.w.org\/{rel}","templated":true}]}}