{"id":16296,"date":"2020-11-23T14:39:28","date_gmt":"2020-11-23T14:39:28","guid":{"rendered":"https:\/\/www.radiopresidenteibanez.cl\/web\/?p=16296"},"modified":"2020-11-23T14:39:33","modified_gmt":"2020-11-23T14:39:33","slug":"george-harrison-en-el-ultimo-tren-a-casa","status":"publish","type":"post","link":"https:\/\/www.radiopresidenteibanez.cl\/web\/george-harrison-en-el-ultimo-tren-a-casa\/","title":{"rendered":"GEORGE HARRISON EN \u00abEL \u00daLTIMO TREN A CASA\u00bb"},"content":{"rendered":"\n<p> Este viernes 27 de noviembre, 19 hrs. el programa\u00a0<em><strong>\u00abEl \u00faltimo tren a casa\u00bb<\/strong><\/em>\u00a0que produce el Colectivo Aczi\u00f3n Kultural y que conduce Pedro Guichapany presenta una edici\u00f3n dedicada al multiinstrumentista brit\u00e1nico\u00a0<strong>GEORGE HARRISON<\/strong>\u00a0al cumplirse el 29 de noviembre 19 a\u00f1os de su fallecimiento producto de un c\u00e1ncer de pulm\u00f3n a la edad de 58 a\u00f1os. Sus ceniza fueron esparcidas en los r\u00edos Ganges y Yamuna.<\/p>\n\n\n\n<p>George Harrison era conocido como el \u00abBeatle callado\u00bb por su bajo perfil.\u00a0 Pero fue una pieza fundamental en el \u00e9xito de The Beatles.\u00a0Fue multiinstrumentista, compositor, cantautor, productor musical, productor cinematogr\u00e1fico, actor, fil\u00e1ntropo y activista pacifista.<\/p>\n\n\n\n<p>En el programa se dar\u00e1 a conocer una selecci\u00f3n de sus grandes \u00e9xitos, entre los que destacan: \u00abMy Sweet Lord\u00bb, \u00abGive Me Love\u00bb, \u00abSomething\u00bb, \u00abWhile My Guitar Gently Weeps\u00bb, \u00abWhat Is Life\u00bb, entre muchas otras.\u00a0 <\/p>\n","protected":false},"excerpt":{"rendered":"<p>Este viernes 27 de noviembre, 19 hrs. el programa\u00a0\u00abEl \u00faltimo tren a casa\u00bb\u00a0que produce el Colectivo Aczi\u00f3n Kultural y que conduce Pedro Guichapany presenta una edici\u00f3n dedicada al multiinstrumentista brit\u00e1nico\u00a0GEORGE&#8230; <a class=\"read-more\" href=\"https:\/\/www.radiopresidenteibanez.cl\/web\/george-harrison-en-el-ultimo-tren-a-casa\/\">Leer m\u00e1s<\/a><\/p>\n","protected":false},"author":2,"featured_media":16297,"comment_status":"closed","ping_status":"closed","sticky":false,"template":"","format":"standard","meta":{"footnotes":""},"categories":[1],"tags":[],"class_list":["post-16296","post","type-post","status-publish","format-standard","has-post-thumbnail","hentry","category-cronica"],"_links":{"self":[{"href":"https:\/\/www.radiopresidenteibanez.cl\/web\/wp-json\/wp\/v2\/posts\/16296","targetHints":{"allow":["GET"]}}],"collection":[{"href":"https:\/\/www.radiopresidenteibanez.cl\/web\/wp-json\/wp\/v2\/posts"}],"about":[{"href":"https:\/\/www.radiopresidenteibanez.cl\/web\/wp-json\/wp\/v2\/types\/post"}],"author":[{"embeddable":true,"href":"https:\/\/www.radiopresidenteibanez.cl\/web\/wp-json\/wp\/v2\/users\/2"}],"replies":[{"embeddable":true,"href":"https:\/\/www.radiopresidenteibanez.cl\/web\/wp-json\/wp\/v2\/comments?post=16296"}],"version-history":[{"count":0,"href":"https:\/\/www.radiopresidenteibanez.cl\/web\/wp-json\/wp\/v2\/posts\/16296\/revisions"}],"wp:featuredmedia":[{"embeddable":true,"href":"https:\/\/www.radiopresidenteibanez.cl\/web\/wp-json\/wp\/v2\/media\/16297"}],"wp:attachment":[{"href":"https:\/\/www.radiopresidenteibanez.cl\/web\/wp-json\/wp\/v2\/media?parent=16296"}],"wp:term":[{"taxonomy":"category","embeddable":true,"href":"https:\/\/www.radiopresidenteibanez.cl\/web\/wp-json\/wp\/v2\/categories?post=16296"},{"taxonomy":"post_tag","embeddable":true,"href":"https:\/\/www.radiopresidenteibanez.cl\/web\/wp-json\/wp\/v2\/tags?post=16296"}],"curies":[{"name":"wp","href":"https:\/\/api.w.org\/{rel}","templated":true}]}}