{"id":16293,"date":"2020-11-23T14:34:38","date_gmt":"2020-11-23T14:34:38","guid":{"rendered":"https:\/\/www.radiopresidenteibanez.cl\/web\/?p=16293"},"modified":"2020-11-23T14:34:43","modified_gmt":"2020-11-23T14:34:43","slug":"fallece-eros-can-de-la-pdi-que-el-2019-fue-homenajeado-por-su-labor-antidrogas","status":"publish","type":"post","link":"https:\/\/www.radiopresidenteibanez.cl\/web\/fallece-eros-can-de-la-pdi-que-el-2019-fue-homenajeado-por-su-labor-antidrogas\/","title":{"rendered":"FALLECE EROS, CAN DE LA PDI QUE EL 2019 FUE HOMENAJEADO POR SU LABOR ANTIDROGAS"},"content":{"rendered":"\n<p>La\nPolic\u00eda de Investigaciones despidi\u00f3 a uno de los emblem\u00e1ticos perros que se\ndesempe\u00f1\u00f3 entregando lo mejor de su olfato investigativo en el combate al tr\u00e1fico\nde drogas; profundamente querido por sus compa\u00f1eros de labores y su due\u00f1o, el\ncomisario Patricio Flores, quien le dio un hogar cuando el can pas\u00f3 a retiro.<\/p>\n\n\n\n<p>El ejemplar\ncanino -con especialidad de detecci\u00f3n y b\u00fasqueda de narc\u00f3ticos- fue formado el\n2012 en la Brigada de Adiestramiento Canino de la PDI en la regi\u00f3n\nMetropolitana, lugar donde se desempe\u00f1\u00f3 hasta el 2015, para luego formar parte\nde la Brigada Antinarc\u00f3ticos y Contra el Crimen Organizado Punta Arenas, donde\nparticip\u00f3 en innumerables procedimientos policiales detectando sustancias\nil\u00edcitas.<\/p>\n\n\n\n<p>Tras\nhaber cumplido seis a\u00f1os de servicio en la instituci\u00f3n, la PDI le brind\u00f3 una\nemotiva ceremonia de retiro, que se realiz\u00f3 en la escuela Villa las Nieves de\nPunta Arenas, en septiembre de 2019. All\u00ed, fue homenajeado por sus compa\u00f1eros\nde labores, estudiantes del establecimiento y autoridades regionales, instancia\nen que recibi\u00f3 una medalla de la Polic\u00eda de Investigaciones y otra por parte de\nla Gobernaci\u00f3n Provincial de Magallanes por su abnegada labor en el combate\ncontra el tr\u00e1fico y microtr\u00e1fico de drogas en la regi\u00f3n.<\/p>\n\n\n\n<p>Desde entonces,\nEros pas\u00f3 m\u00e1s de un a\u00f1o al cuidado del jefe de la Brigada Antinarc\u00f3ticos y Contra\nel Crimen Organizado y su familia, y este mes, falleci\u00f3 a causa de una\npatolog\u00eda asociada a su edad. Desde la PDI destacaron al can como \u201cun fiel y\neterno compa\u00f1ero, que ser\u00e1 recordado por siempre como un integrante m\u00e1s de la\nfamilia policial\u201d.<\/p>\n","protected":false},"excerpt":{"rendered":"<p>La Polic\u00eda de Investigaciones despidi\u00f3 a uno de los emblem\u00e1ticos perros que se desempe\u00f1\u00f3 entregando lo mejor de su olfato investigativo en el combate al tr\u00e1fico de drogas; profundamente querido&#8230; <a class=\"read-more\" href=\"https:\/\/www.radiopresidenteibanez.cl\/web\/fallece-eros-can-de-la-pdi-que-el-2019-fue-homenajeado-por-su-labor-antidrogas\/\">Leer m\u00e1s<\/a><\/p>\n","protected":false},"author":2,"featured_media":16294,"comment_status":"closed","ping_status":"closed","sticky":false,"template":"","format":"standard","meta":{"footnotes":""},"categories":[1],"tags":[],"class_list":["post-16293","post","type-post","status-publish","format-standard","has-post-thumbnail","hentry","category-cronica"],"_links":{"self":[{"href":"https:\/\/www.radiopresidenteibanez.cl\/web\/wp-json\/wp\/v2\/posts\/16293","targetHints":{"allow":["GET"]}}],"collection":[{"href":"https:\/\/www.radiopresidenteibanez.cl\/web\/wp-json\/wp\/v2\/posts"}],"about":[{"href":"https:\/\/www.radiopresidenteibanez.cl\/web\/wp-json\/wp\/v2\/types\/post"}],"author":[{"embeddable":true,"href":"https:\/\/www.radiopresidenteibanez.cl\/web\/wp-json\/wp\/v2\/users\/2"}],"replies":[{"embeddable":true,"href":"https:\/\/www.radiopresidenteibanez.cl\/web\/wp-json\/wp\/v2\/comments?post=16293"}],"version-history":[{"count":0,"href":"https:\/\/www.radiopresidenteibanez.cl\/web\/wp-json\/wp\/v2\/posts\/16293\/revisions"}],"wp:featuredmedia":[{"embeddable":true,"href":"https:\/\/www.radiopresidenteibanez.cl\/web\/wp-json\/wp\/v2\/media\/16294"}],"wp:attachment":[{"href":"https:\/\/www.radiopresidenteibanez.cl\/web\/wp-json\/wp\/v2\/media?parent=16293"}],"wp:term":[{"taxonomy":"category","embeddable":true,"href":"https:\/\/www.radiopresidenteibanez.cl\/web\/wp-json\/wp\/v2\/categories?post=16293"},{"taxonomy":"post_tag","embeddable":true,"href":"https:\/\/www.radiopresidenteibanez.cl\/web\/wp-json\/wp\/v2\/tags?post=16293"}],"curies":[{"name":"wp","href":"https:\/\/api.w.org\/{rel}","templated":true}]}}