{"id":16287,"date":"2020-11-22T00:12:35","date_gmt":"2020-11-22T00:12:35","guid":{"rendered":"https:\/\/www.radiopresidenteibanez.cl\/web\/?p=16287"},"modified":"2020-11-22T00:12:41","modified_gmt":"2020-11-22T00:12:41","slug":"el-desafio-de-la-igualdad-el-sistema-de-admision-escolar-por-tiare-santana-alex-maldonado-paola-beham","status":"publish","type":"post","link":"https:\/\/www.radiopresidenteibanez.cl\/web\/el-desafio-de-la-igualdad-el-sistema-de-admision-escolar-por-tiare-santana-alex-maldonado-paola-beham\/","title":{"rendered":"\u201cEL DESAF\u00cdO DE LA IGUALDAD: EL SISTEMA DE ADMISI\u00d3N ESCOLAR\u201d por Tiare Santana  &#8211; Alex Maldonado &#8211; Paola Beham"},"content":{"rendered":"\n<p>El nuevo sistema&nbsp; de\nadmisi\u00f3n&nbsp; escolar implementado en el\nsegundo gobierno de Michelle Bachelet&nbsp;\ntiene como fin, mejorar la \u201ceficiencia\u201d, la transparencia e igualdad de\noportunidades para padres e hijos que postulan a los colegios municipales y\nsubvencionados. <\/p>\n\n\n\n<p>Magallanes fue la primera regi\u00f3n del pa\u00eds en implementar\ndicho sistema. <\/p>\n\n\n\n<p>Los colegios informaron activamente a los apoderados sobre\nlos diversos aspectos de sus programas educativos y sus vacantes. Luego de\nacceder a esta informaci\u00f3n, los apoderados declararon una lista de preferencias\nde los colegios en los que deseaban matricular a sus hijos. El sistema est\u00e1\ndise\u00f1ado de modo que ellos expresen sus preferencias sobre los distintos\nestablecimientos de manera honesta y transparente. Muchos colegios tienen m\u00e1s\npostulantes que cupos. Para decidir los alumnos que ser\u00e1n admitidos a un\nestablecimiento, los postulantes se ordenan en una lista. Esta lista respeta\nlas prioridades indicadas en la Ley de Inclusi\u00f3n y garantiza la igualdad de\noportunidades resolviendo empates de manera aleatoria.<\/p>\n\n\n\n<p>Muchas personas han criticado este sistema ya que al momento\nde postular no se toman en cuenta los m\u00e9ritos de los estudiantes, en mi opini\u00f3n\nestoy de acuerdo con las cr\u00edticas ya qu\u00e9 hay variedad de alumnos con muchas\nhabilidades no solo acad\u00e9micas, aun as\u00ed tambi\u00e9n apoy\u00f3 el modo de inclusi\u00f3n que\ntiene este sistema permitiendo que cualquier persona pueda postular, aun as\u00ed\nnada asegura que entres al establecimiento que quieras. <\/p>\n\n\n\n<p>Un estudio realizado por Centro de Justicia Educacional\n(CJE) \u2014una de las organizaciones detr\u00e1s de la campa\u00f1a La Educaci\u00f3n No Es\nPremio, impulsada por Educaci\u00f3n 2020\u2014 elabor\u00f3 el estudio \u201cNuevo Sistema de\nAdmisi\u00f3n Escolar (SAE) y su capacidad de atenuar la desigualdad de acceso a\ncolegios de calidad: al inicio de un largo camino\u201d, el que concluye que el SAE,\nen promedio, no ha perjudicado a ning\u00fan grupo de estudiantes, en comparaci\u00f3n\ncon las postulaciones de los tres a\u00f1os previos a su implementaci\u00f3n.<\/p>\n\n\n\n<p>Hay un leve aumento de la cantidad de estudiantes \u2014tanto\nvulnerables, no vulnerables, de bajo rendimiento y alto rendimiento\u2014 que accede\na colegios de calidad. Sin embargo, los patrones de desigualdad no han sido\nafectados por el nuevo sistema, es decir, la brecha de acceso a \u201ccolegios\ndeseables\u201d se mantienen en t\u00e9rminos de vulnerabilidad y de rendimiento de los\nestudiantes.<\/p>\n\n\n\n<p>A pesar de que el sistema tenga algunas fallas, funciona,\npodr\u00eda ser mejor pero para eso se requiere esfuerzo y trabajo y compromiso de\ntodos los actores educativos de nuestro pa\u00eds.<\/p>\n\n\n\n<p><strong>Tiare Santana&nbsp; &#8211;\nAlex Maldonado &#8211; Paola Beham<\/strong><\/p>\n\n\n\n<p><strong>Colectivo Vanguardia Comunitaria<\/strong><\/p>\n","protected":false},"excerpt":{"rendered":"<p>El nuevo sistema&nbsp; de admisi\u00f3n&nbsp; escolar implementado en el segundo gobierno de Michelle Bachelet&nbsp; tiene como fin, mejorar la \u201ceficiencia\u201d, la transparencia e igualdad de oportunidades para padres e hijos&#8230; <a class=\"read-more\" href=\"https:\/\/www.radiopresidenteibanez.cl\/web\/el-desafio-de-la-igualdad-el-sistema-de-admision-escolar-por-tiare-santana-alex-maldonado-paola-beham\/\">Leer m\u00e1s<\/a><\/p>\n","protected":false},"author":2,"featured_media":16288,"comment_status":"closed","ping_status":"closed","sticky":false,"template":"","format":"standard","meta":{"footnotes":""},"categories":[1],"tags":[],"class_list":["post-16287","post","type-post","status-publish","format-standard","has-post-thumbnail","hentry","category-cronica"],"_links":{"self":[{"href":"https:\/\/www.radiopresidenteibanez.cl\/web\/wp-json\/wp\/v2\/posts\/16287","targetHints":{"allow":["GET"]}}],"collection":[{"href":"https:\/\/www.radiopresidenteibanez.cl\/web\/wp-json\/wp\/v2\/posts"}],"about":[{"href":"https:\/\/www.radiopresidenteibanez.cl\/web\/wp-json\/wp\/v2\/types\/post"}],"author":[{"embeddable":true,"href":"https:\/\/www.radiopresidenteibanez.cl\/web\/wp-json\/wp\/v2\/users\/2"}],"replies":[{"embeddable":true,"href":"https:\/\/www.radiopresidenteibanez.cl\/web\/wp-json\/wp\/v2\/comments?post=16287"}],"version-history":[{"count":0,"href":"https:\/\/www.radiopresidenteibanez.cl\/web\/wp-json\/wp\/v2\/posts\/16287\/revisions"}],"wp:featuredmedia":[{"embeddable":true,"href":"https:\/\/www.radiopresidenteibanez.cl\/web\/wp-json\/wp\/v2\/media\/16288"}],"wp:attachment":[{"href":"https:\/\/www.radiopresidenteibanez.cl\/web\/wp-json\/wp\/v2\/media?parent=16287"}],"wp:term":[{"taxonomy":"category","embeddable":true,"href":"https:\/\/www.radiopresidenteibanez.cl\/web\/wp-json\/wp\/v2\/categories?post=16287"},{"taxonomy":"post_tag","embeddable":true,"href":"https:\/\/www.radiopresidenteibanez.cl\/web\/wp-json\/wp\/v2\/tags?post=16287"}],"curies":[{"name":"wp","href":"https:\/\/api.w.org\/{rel}","templated":true}]}}