{"id":16280,"date":"2020-11-23T04:30:00","date_gmt":"2020-11-23T04:30:00","guid":{"rendered":"https:\/\/www.radiopresidenteibanez.cl\/web\/?p=16280"},"modified":"2020-11-21T20:34:11","modified_gmt":"2020-11-21T20:34:11","slug":"municipio-retomo-trabajo-de-sanitizacion-de-taxis-y-colectivos","status":"publish","type":"post","link":"https:\/\/www.radiopresidenteibanez.cl\/web\/municipio-retomo-trabajo-de-sanitizacion-de-taxis-y-colectivos\/","title":{"rendered":"MUNICIPIO RETOM\u00d3 TRABAJO DE SANITIZACI\u00d3N DE TAXIS Y COLECTIVOS"},"content":{"rendered":"\n<p>Hasta el martes 24 de noviembre, la Municipalidad de Punta Arenas, realizar\u00e1 jornadas de sanitizaci\u00f3n preventiva para Taxis y Colectivos de nuestra comuna en el Parque Mar\u00eda Behety entre 9:30 y 12:30 horas.&nbsp;<\/p>\n\n\n\n<p>El proceso se desarrollar\u00e1 por medio del \u00faltimo d\u00edgito de la Placa Patente, por lo cual es importante que las personas revisen la informaci\u00f3n y puedan acudir el d\u00eda que les corresponde.<\/p>\n\n\n\n<p>\u201cDesde el primer momento, como Municipalidad hemos estado trabajando en poder buscar f\u00f3rmulas que permitan que nuestros vecinos est\u00e9n m\u00e1s seguros frente al COVID. Partimos con la limpieza de las calles junto a Bomberos, las que han continuado, tambi\u00e9n con la sanitizaci\u00f3n de los espacios comunes de los edificios sociales de la comuna, la que ya va por su sexta vez, sumando a ellos el trabajo en los barrios con la toma de PCR gratuitos a los vecinos\u201d, explic\u00f3 el alcalde Claudio Radonich.<\/p>\n\n\n\n<p>Jorge Paredes, colectivero de nuestra comuna, agradeci\u00f3 la oportunidad y destac\u00f3 el operativo. \u201cEst\u00e1 muy bien, porque realmente sirve para evitar contagios, as\u00ed que es muy bueno. Cuando las personas est\u00e1n sin mascarillas, les pido que se la pongan porque es para protegernos, y el que no quiere, no lo llevo\u201d.<\/p>\n\n\n\n<p>\u201cAhora, todos los colectivos y taxis van a tener sanitizaciones gratuitas por parte de la Municipalidad, las que estar\u00e1n divididas por patentes, repitiendo esto mismo durante diciembre\u201d, manifest\u00f3 el jefe comunal.<\/p>\n\n\n\n<p>La invitaci\u00f3n es a sumarse a esta iniciativa y verificar que d\u00edas le corresponde a cada veh\u00edculo.<\/p>\n\n\n\n<p>En ese sentido, desde el municipio informaron que el calendario es el siguiente:<\/p>\n\n\n\n<p>Lunes 23 noviembre&nbsp; para las Patentes cuyos \u00faltimos d\u00edgitos sean 7, 8 y 9.<\/p>\n\n\n\n<p>Martes 24 noviembre para las Patentes cuyo \u00faltimo d\u00edgito sea 0 y rezagados.<\/p>\n","protected":false},"excerpt":{"rendered":"<p>Hasta el martes 24 de noviembre, la Municipalidad de Punta Arenas, realizar\u00e1 jornadas de sanitizaci\u00f3n preventiva para Taxis y Colectivos de nuestra comuna en el Parque Mar\u00eda Behety entre 9:30&#8230; <a class=\"read-more\" href=\"https:\/\/www.radiopresidenteibanez.cl\/web\/municipio-retomo-trabajo-de-sanitizacion-de-taxis-y-colectivos\/\">Leer m\u00e1s<\/a><\/p>\n","protected":false},"author":2,"featured_media":16281,"comment_status":"closed","ping_status":"closed","sticky":false,"template":"","format":"standard","meta":{"footnotes":""},"categories":[1],"tags":[],"class_list":["post-16280","post","type-post","status-publish","format-standard","has-post-thumbnail","hentry","category-cronica"],"_links":{"self":[{"href":"https:\/\/www.radiopresidenteibanez.cl\/web\/wp-json\/wp\/v2\/posts\/16280","targetHints":{"allow":["GET"]}}],"collection":[{"href":"https:\/\/www.radiopresidenteibanez.cl\/web\/wp-json\/wp\/v2\/posts"}],"about":[{"href":"https:\/\/www.radiopresidenteibanez.cl\/web\/wp-json\/wp\/v2\/types\/post"}],"author":[{"embeddable":true,"href":"https:\/\/www.radiopresidenteibanez.cl\/web\/wp-json\/wp\/v2\/users\/2"}],"replies":[{"embeddable":true,"href":"https:\/\/www.radiopresidenteibanez.cl\/web\/wp-json\/wp\/v2\/comments?post=16280"}],"version-history":[{"count":0,"href":"https:\/\/www.radiopresidenteibanez.cl\/web\/wp-json\/wp\/v2\/posts\/16280\/revisions"}],"wp:featuredmedia":[{"embeddable":true,"href":"https:\/\/www.radiopresidenteibanez.cl\/web\/wp-json\/wp\/v2\/media\/16281"}],"wp:attachment":[{"href":"https:\/\/www.radiopresidenteibanez.cl\/web\/wp-json\/wp\/v2\/media?parent=16280"}],"wp:term":[{"taxonomy":"category","embeddable":true,"href":"https:\/\/www.radiopresidenteibanez.cl\/web\/wp-json\/wp\/v2\/categories?post=16280"},{"taxonomy":"post_tag","embeddable":true,"href":"https:\/\/www.radiopresidenteibanez.cl\/web\/wp-json\/wp\/v2\/tags?post=16280"}],"curies":[{"name":"wp","href":"https:\/\/api.w.org\/{rel}","templated":true}]}}