{"id":16276,"date":"2020-11-21T20:15:49","date_gmt":"2020-11-21T20:15:49","guid":{"rendered":"https:\/\/www.radiopresidenteibanez.cl\/web\/?p=16276"},"modified":"2020-11-21T20:15:54","modified_gmt":"2020-11-21T20:15:54","slug":"sujeto-fue-condenado-por-agredir-sexualmente-a-hijas-de-su-conviviente","status":"publish","type":"post","link":"https:\/\/www.radiopresidenteibanez.cl\/web\/sujeto-fue-condenado-por-agredir-sexualmente-a-hijas-de-su-conviviente\/","title":{"rendered":"SUJETO FUE CONDENADO POR AGREDIR SEXUALMENTE A HIJAS DE SU CONVIVIENTE"},"content":{"rendered":"\n<h1 class=\"wp-block-heading\">JA.Y.S. fue condenado, hoy,&nbsp; en calidad de\nautor de los delitos de&nbsp; estupro y&nbsp; abuso sexual, &nbsp;cometidos en contra de dos menores de edad, hijas\nde su ex conviviente. La audiencia de comunicaci\u00f3n de fallo que se llevar\u00e1 a\nefecto, por v\u00eda telem\u00e1tica, el mi\u00e9rcoles 25, a las 13:30 horas.<\/h1>\n\n\n\n<p>Durante las diversas\njornadas del juicio oral, el Fiscal Jefe de Punta Arenas,&nbsp; Fernando Dobson Soto, acredit\u00f3 con diversa prueba el delito de estupro,\ncometido a partir del\na\u00f1o 2014 en circunstancias que la v\u00edctima, en\naquella \u00e9poca de 14 a\u00f1os de edad, viv\u00eda con el acusado quien era\nel conviviente de su madre, comenzando este a ganarse su confianza y cari\u00f1o, para luego efectuarle\ntocamientos de significaci\u00f3n sexual, los que fueron en escalada hasta agredirla\nsexualmente, aprovech\u00e1ndose de su\ninexperiencia sexual, actos que tuvieron como consecuencia &nbsp;que la\nmenor quedara embarazada. <\/p>\n\n\n\n<p>Cabe indicar que luego del nacimiento del beb\u00e9 el acusado dej\u00f3 de realizar estos actos, para luego comenzar\na abusar sexualmente a la hermana menor\nde la v\u00edctima. <\/p>\n","protected":false},"excerpt":{"rendered":"<p>JA.Y.S. fue condenado, hoy,&nbsp; en calidad de autor de los delitos de&nbsp; estupro y&nbsp; abuso sexual, &nbsp;cometidos en contra de dos menores de edad, hijas de su ex conviviente. La&#8230; <a class=\"read-more\" href=\"https:\/\/www.radiopresidenteibanez.cl\/web\/sujeto-fue-condenado-por-agredir-sexualmente-a-hijas-de-su-conviviente\/\">Leer m\u00e1s<\/a><\/p>\n","protected":false},"author":2,"featured_media":740,"comment_status":"closed","ping_status":"closed","sticky":false,"template":"","format":"standard","meta":{"footnotes":""},"categories":[1],"tags":[],"class_list":["post-16276","post","type-post","status-publish","format-standard","has-post-thumbnail","hentry","category-cronica"],"_links":{"self":[{"href":"https:\/\/www.radiopresidenteibanez.cl\/web\/wp-json\/wp\/v2\/posts\/16276","targetHints":{"allow":["GET"]}}],"collection":[{"href":"https:\/\/www.radiopresidenteibanez.cl\/web\/wp-json\/wp\/v2\/posts"}],"about":[{"href":"https:\/\/www.radiopresidenteibanez.cl\/web\/wp-json\/wp\/v2\/types\/post"}],"author":[{"embeddable":true,"href":"https:\/\/www.radiopresidenteibanez.cl\/web\/wp-json\/wp\/v2\/users\/2"}],"replies":[{"embeddable":true,"href":"https:\/\/www.radiopresidenteibanez.cl\/web\/wp-json\/wp\/v2\/comments?post=16276"}],"version-history":[{"count":0,"href":"https:\/\/www.radiopresidenteibanez.cl\/web\/wp-json\/wp\/v2\/posts\/16276\/revisions"}],"wp:featuredmedia":[{"embeddable":true,"href":"https:\/\/www.radiopresidenteibanez.cl\/web\/wp-json\/wp\/v2\/media\/740"}],"wp:attachment":[{"href":"https:\/\/www.radiopresidenteibanez.cl\/web\/wp-json\/wp\/v2\/media?parent=16276"}],"wp:term":[{"taxonomy":"category","embeddable":true,"href":"https:\/\/www.radiopresidenteibanez.cl\/web\/wp-json\/wp\/v2\/categories?post=16276"},{"taxonomy":"post_tag","embeddable":true,"href":"https:\/\/www.radiopresidenteibanez.cl\/web\/wp-json\/wp\/v2\/tags?post=16276"}],"curies":[{"name":"wp","href":"https:\/\/api.w.org\/{rel}","templated":true}]}}