{"id":16273,"date":"2020-11-23T04:15:00","date_gmt":"2020-11-23T04:15:00","guid":{"rendered":"https:\/\/www.radiopresidenteibanez.cl\/web\/?p=16273"},"modified":"2020-11-21T20:14:46","modified_gmt":"2020-11-21T20:14:46","slug":"santo-tomas-y-municipalidad-de-punta-arenas-firman-convenio-que-permitira-a-estudiantes-realizar-practicas-en-la-direccion-de-medio-ambiente","status":"publish","type":"post","link":"https:\/\/www.radiopresidenteibanez.cl\/web\/santo-tomas-y-municipalidad-de-punta-arenas-firman-convenio-que-permitira-a-estudiantes-realizar-practicas-en-la-direccion-de-medio-ambiente\/","title":{"rendered":"SANTO TOM\u00c1S Y MUNICIPALIDAD DE PUNTA ARENAS FIRMAN CONVENIO QUE PERMITIR\u00c1 A ESTUDIANTES REALIZAR PR\u00c1CTICAS EN LA DIRECCI\u00d3N DE MEDIO AMBIENTE"},"content":{"rendered":"\n<p>Por medio de una firma de\nconvenio de colaboraci\u00f3n, la Ilustre Municipalidad de Punta Arenas y el\nInstituto Profesional y Centro de Formaci\u00f3n T\u00e9cnica Santo Tom\u00e1s, materializaron\nun trabajo en conjunto que ven\u00eda desarrollando la Direcci\u00f3n de Medio Ambiente,\nAseo y Ornato y la carrera de T\u00e9cnico en Gesti\u00f3n de Medio Ambiente.<\/p>\n\n\n\n<p>La actividad estuvo liderada por\nel alcalde de la comuna de Punta Arenas, Claudio Radonich y la rectora de la\ninstituci\u00f3n de educaci\u00f3n superior, Valeska Acevedo. En la oportunidad ambas\nautoridades valoraron esta alianza de colaboraci\u00f3n, que permitir\u00e1 a los\nestudiantes utilizar las dependencias municipales de la Direcci\u00f3n de Medio\nAmbiente, Aseo y Ornato para desarrollar actividades de vinculaci\u00f3n con el\nmedio, pr\u00e1cticas curriculares y laborales.<\/p>\n\n\n\n<p>Al respecto, el Alcalde de Punta\nArenas, Claudio Radonich, coment\u00f3 que el v\u00ednculo con la instituci\u00f3n es permanente,\n\u201ccon este convenio estamos buscando que los alumnos tengan una instancia de\nparticipaci\u00f3n dentro de nuestras labores. Nosotros trabajamos con muchas\nuniversidades que piden espacios para pr\u00e1cticas y por eso con mucha m\u00e1s raz\u00f3n\ncuando son alumnos magall\u00e1nicos. Estamos muy contentos de profundizar los lazos\ncon la instituci\u00f3n en materia tan importante y tan actuales como es el medio ambiente\u201d,\nse\u00f1al\u00f3. <\/p>\n\n\n\n<p>Por su parte, Valeska Acevedo,\nrectora IP-CFT Santo Tom\u00e1s, destac\u00f3 esta nueva instancia de colaboraci\u00f3n entre\nla Municipalidad y Santo Tom\u00e1s. \u201cGracias a este convenio, nuestros estudiantes\nvan a poder realizar sus pr\u00e1cticas curriculares y profesionales. Es un convenio\nque nos alegra mucho, porque es un nuevo espacio que se abre para estos futuros\nprofesionales y que adem\u00e1s son la primera promoci\u00f3n de esta carrera en nuestra\ninstituci\u00f3n y la primera formada en la regi\u00f3n y es muy importante porque van a\nsr un real aporte a la comunidad\u201d, coment\u00f3. <\/p>\n\n\n\n<p>Agreg\u00f3 que, para el pr\u00f3ximo a\u00f1o,\nalrededor de 20 estudiantes de T\u00e9cnico en Gesti\u00f3n de Medio Ambiente de Santo\nTom\u00e1s estar\u00e1n egresando y ser\u00e1 la primera promoci\u00f3n de la carrera en Punta\nArenas y \u201csin duda ser\u00e1n un real aporte a la comunidad\u201d, dijo. <\/p>\n\n\n\n<p>Los estudiantes podr\u00e1n acceder y\nrealizar trabajos en los invernaderos con los que cuenta la Municipalidad de\nPunta Arenas en el Parque Mar\u00eda Behety, donde realizar\u00e1n actividades\ncurriculares del programa acad\u00e9mico como es el levantamiento de flora y fauna\ndel lugar, estudios de suelo y trabajos de compostaje, entre otros.<\/p>\n","protected":false},"excerpt":{"rendered":"<p>Por medio de una firma de convenio de colaboraci\u00f3n, la Ilustre Municipalidad de Punta Arenas y el Instituto Profesional y Centro de Formaci\u00f3n T\u00e9cnica Santo Tom\u00e1s, materializaron un trabajo en&#8230; <a class=\"read-more\" href=\"https:\/\/www.radiopresidenteibanez.cl\/web\/santo-tomas-y-municipalidad-de-punta-arenas-firman-convenio-que-permitira-a-estudiantes-realizar-practicas-en-la-direccion-de-medio-ambiente\/\">Leer m\u00e1s<\/a><\/p>\n","protected":false},"author":2,"featured_media":16274,"comment_status":"closed","ping_status":"closed","sticky":false,"template":"","format":"standard","meta":{"footnotes":""},"categories":[1],"tags":[],"class_list":["post-16273","post","type-post","status-publish","format-standard","has-post-thumbnail","hentry","category-cronica"],"_links":{"self":[{"href":"https:\/\/www.radiopresidenteibanez.cl\/web\/wp-json\/wp\/v2\/posts\/16273","targetHints":{"allow":["GET"]}}],"collection":[{"href":"https:\/\/www.radiopresidenteibanez.cl\/web\/wp-json\/wp\/v2\/posts"}],"about":[{"href":"https:\/\/www.radiopresidenteibanez.cl\/web\/wp-json\/wp\/v2\/types\/post"}],"author":[{"embeddable":true,"href":"https:\/\/www.radiopresidenteibanez.cl\/web\/wp-json\/wp\/v2\/users\/2"}],"replies":[{"embeddable":true,"href":"https:\/\/www.radiopresidenteibanez.cl\/web\/wp-json\/wp\/v2\/comments?post=16273"}],"version-history":[{"count":0,"href":"https:\/\/www.radiopresidenteibanez.cl\/web\/wp-json\/wp\/v2\/posts\/16273\/revisions"}],"wp:featuredmedia":[{"embeddable":true,"href":"https:\/\/www.radiopresidenteibanez.cl\/web\/wp-json\/wp\/v2\/media\/16274"}],"wp:attachment":[{"href":"https:\/\/www.radiopresidenteibanez.cl\/web\/wp-json\/wp\/v2\/media?parent=16273"}],"wp:term":[{"taxonomy":"category","embeddable":true,"href":"https:\/\/www.radiopresidenteibanez.cl\/web\/wp-json\/wp\/v2\/categories?post=16273"},{"taxonomy":"post_tag","embeddable":true,"href":"https:\/\/www.radiopresidenteibanez.cl\/web\/wp-json\/wp\/v2\/tags?post=16273"}],"curies":[{"name":"wp","href":"https:\/\/api.w.org\/{rel}","templated":true}]}}