{"id":16270,"date":"2020-11-23T04:00:00","date_gmt":"2020-11-23T04:00:00","guid":{"rendered":"https:\/\/www.radiopresidenteibanez.cl\/web\/?p=16270"},"modified":"2020-11-21T20:13:12","modified_gmt":"2020-11-21T20:13:12","slug":"tareas-de-senalizacion-maritima-en-el-territorio-chileno-antartico","status":"publish","type":"post","link":"https:\/\/www.radiopresidenteibanez.cl\/web\/tareas-de-senalizacion-maritima-en-el-territorio-chileno-antartico\/","title":{"rendered":"TAREAS DE SE\u00d1ALIZACI\u00d3N MAR\u00cdTIMA  EN EL TERRITORIO CHILENO ANT\u00c1RTICO"},"content":{"rendered":"\n<p>En el marco de la Campa\u00f1a Ant\u00e1rtica (COMANTAR) 2020-2021, en donde la Armada de Chile opera como el principal sostenedor log\u00edstico de los operadores ant\u00e1rticos, se desarrollaran diferentes tareas tendientes a reposicionamiento y construcci\u00f3n de se\u00f1alizaci\u00f3n mar\u00edtima en el continente blanco.<\/p>\n\n\n\n<p>De esta manera el Centro Zonal\nde Se\u00f1alizaci\u00f3n Mar\u00edtima contempl\u00f3 en la planificaci\u00f3n de la COMANTAR la\nconstrucci\u00f3n de 14 nuevas estructuras, las cuales corresponden a tr\u00edpodes de\nfierro galvanizado, de ensamblaje tipo mecano, los cuales tienen un peso de 250\nkilos y una altura de 3,5 metros. <\/p>\n\n\n\n<p>El personal especialista en\nse\u00f1alizaci\u00f3n mar\u00edtima dispuesto para la tarea cumpli\u00f3 con los estrictos\nprotocolos elaborados para la COMANTAR 2020-2021, con el objetivo de disminuir\nal m\u00e1ximo los posibles vectores de Covid 19, manteniendo un aislamiento previo\nal despliegue y con controles de PCR previos a embarcar, con el objetivo de\nmantener al continente Ant\u00e1rtico en su status de libre de Covid 19.<\/p>\n\n\n\n<p>Las tareas se realizar\u00e1n en\nconjunto con unidades aeronavales, espec\u00edficamente los helic\u00f3pteros tipo Bolkow,\nNaval 44 y Naval 46, los cuales apoyaran el traslado de los Servidores Navales\nas\u00ed como la carga de elementos necesarios para las diferentes faenas,\nprocurando el cumplimiento de los diferentes protocolos internacionales\nestablecidos para el resguardo del medio ambiente en la Ant\u00e1rtica.<\/p>\n\n\n\n<p>Los trabajos involucrados en\nel Territorio Chileno Ant\u00e1rtico consideran a lugares tan apartados como Bah\u00eda\nFildes, Isla Clarence, Bah\u00eda Yankee, Estrecho Bismark, Bah\u00eda Para\u00edso, Paso\nFranc\u00e9s, Bah\u00eda Margarita, Rada Covadonga y Bah\u00eda Chile, robusteciendo la red de\nse\u00f1alizaci\u00f3n mar\u00edtima fundamental para una segura navegaci\u00f3n en el territorio.<\/p>\n\n\n\n<p>De esta manera la Instituci\u00f3n\ndesarrolla diferentes tareas en el contexto de la COMANTAR 2020-2021, apoyando\na diferentes acciones del Estado de Chile en el continente Ant\u00e1rtico, contribuyendo\nal Desarrollo Nacional, la Seguridad de Intereses Territoriales Mar\u00edtimos y la\nCooperaci\u00f3n Internacional.<\/p>\n\n\n\n<p>Es importante destacar que la\nAnt\u00e1rtica est\u00e1 declarada como territorio libre de Covid19, por lo que posee sus\npropios protocolos para todos quienes arriben a ella, lo que incluye cuarentena\npreventiva obligatoria previa al viaje, y tomas de PCR de entrada y salida.\nTodas las dotaciones navales que viajan o viajar\u00e1n a la Ant\u00e1rtica han sido\nsometidas a este procedimiento, dise\u00f1ado en conjunto al Ministerio de\nRelaciones Exteriores y todos los operadores ant\u00e1rticos nacionales e\ninternacionales que participan en la Campa\u00f1a Ant\u00e1rtica 2020-2021.<\/p>\n\n\n\n<p>En el marco de la Campa\u00f1a\nAnt\u00e1rtica (COMANTAR) 2020-2021, en donde la Armada de Chile opera como el\nprincipal sostenedor log\u00edstico de los operadores ant\u00e1rticos, se desarrollaran\ndiferentes tareas tendientes a reposicionamiento y construcci\u00f3n de se\u00f1alizaci\u00f3n\nmar\u00edtima en el continente blanco.<\/p>\n\n\n\n<p>De esta manera el Centro Zonal\nde Se\u00f1alizaci\u00f3n Mar\u00edtima contempl\u00f3 en la planificaci\u00f3n de la COMANTAR la\nconstrucci\u00f3n de 14 nuevas estructuras, las cuales corresponden a tr\u00edpodes de\nfierro galvanizado, de ensamblaje tipo mecano, los cuales tienen un peso de 250\nkilos y una altura de 3,5 metros. <\/p>\n\n\n\n<p>El personal especialista en\nse\u00f1alizaci\u00f3n mar\u00edtima dispuesto para la tarea cumpli\u00f3 con los estrictos\nprotocolos elaborados para la COMANTAR 2020-2021, con el objetivo de disminuir\nal m\u00e1ximo los posibles vectores de Covid 19, manteniendo un aislamiento previo\nal despliegue y con controles de PCR previos a embarcar, con el objetivo de\nmantener al continente Ant\u00e1rtico en su status de libre de Covid 19.<\/p>\n\n\n\n<p>Las tareas se realizar\u00e1n en\nconjunto con unidades aeronavales, espec\u00edficamente los helic\u00f3pteros tipo Bolkow,\nNaval 44 y Naval 46, los cuales apoyaran el traslado de los Servidores Navales\nas\u00ed como la carga de elementos necesarios para las diferentes faenas,\nprocurando el cumplimiento de los diferentes protocolos internacionales\nestablecidos para el resguardo del medio ambiente en la Ant\u00e1rtica.<\/p>\n\n\n\n<p>Los trabajos involucrados en\nel Territorio Chileno Ant\u00e1rtico consideran a lugares tan apartados como Bah\u00eda\nFildes, Isla Clarence, Bah\u00eda Yankee, Estrecho Bismark, Bah\u00eda Para\u00edso, Paso\nFranc\u00e9s, Bah\u00eda Margarita, Rada Covadonga y Bah\u00eda Chile, robusteciendo la red de\nse\u00f1alizaci\u00f3n mar\u00edtima fundamental para una segura navegaci\u00f3n en el territorio.<\/p>\n\n\n\n<p>De esta manera la Instituci\u00f3n\ndesarrolla diferentes tareas en el contexto de la COMANTAR 2020-2021, apoyando\na diferentes acciones del Estado de Chile en el continente Ant\u00e1rtico, contribuyendo\nal Desarrollo Nacional, la Seguridad de Intereses Territoriales Mar\u00edtimos y la\nCooperaci\u00f3n Internacional.<\/p>\n\n\n\n<p>Es importante destacar que la\nAnt\u00e1rtica est\u00e1 declarada como territorio libre de Covid19, por lo que posee sus\npropios protocolos para todos quienes arriben a ella, lo que incluye cuarentena\npreventiva obligatoria previa al viaje, y tomas de PCR de entrada y salida.\nTodas las dotaciones navales que viajan o viajar\u00e1n a la Ant\u00e1rtica han sido\nsometidas a este procedimiento, dise\u00f1ado en conjunto al Ministerio de\nRelaciones Exteriores y todos los operadores ant\u00e1rticos nacionales e\ninternacionales que participan en la Campa\u00f1a Ant\u00e1rtica 2020-2021.<\/p>\n","protected":false},"excerpt":{"rendered":"<p>En el marco de la Campa\u00f1a Ant\u00e1rtica (COMANTAR) 2020-2021, en donde la Armada de Chile opera como el principal sostenedor log\u00edstico de los operadores ant\u00e1rticos, se desarrollaran diferentes tareas tendientes&#8230; <a class=\"read-more\" href=\"https:\/\/www.radiopresidenteibanez.cl\/web\/tareas-de-senalizacion-maritima-en-el-territorio-chileno-antartico\/\">Leer m\u00e1s<\/a><\/p>\n","protected":false},"author":2,"featured_media":16271,"comment_status":"closed","ping_status":"closed","sticky":false,"template":"","format":"standard","meta":{"footnotes":""},"categories":[1],"tags":[],"class_list":["post-16270","post","type-post","status-publish","format-standard","has-post-thumbnail","hentry","category-cronica"],"_links":{"self":[{"href":"https:\/\/www.radiopresidenteibanez.cl\/web\/wp-json\/wp\/v2\/posts\/16270","targetHints":{"allow":["GET"]}}],"collection":[{"href":"https:\/\/www.radiopresidenteibanez.cl\/web\/wp-json\/wp\/v2\/posts"}],"about":[{"href":"https:\/\/www.radiopresidenteibanez.cl\/web\/wp-json\/wp\/v2\/types\/post"}],"author":[{"embeddable":true,"href":"https:\/\/www.radiopresidenteibanez.cl\/web\/wp-json\/wp\/v2\/users\/2"}],"replies":[{"embeddable":true,"href":"https:\/\/www.radiopresidenteibanez.cl\/web\/wp-json\/wp\/v2\/comments?post=16270"}],"version-history":[{"count":0,"href":"https:\/\/www.radiopresidenteibanez.cl\/web\/wp-json\/wp\/v2\/posts\/16270\/revisions"}],"wp:featuredmedia":[{"embeddable":true,"href":"https:\/\/www.radiopresidenteibanez.cl\/web\/wp-json\/wp\/v2\/media\/16271"}],"wp:attachment":[{"href":"https:\/\/www.radiopresidenteibanez.cl\/web\/wp-json\/wp\/v2\/media?parent=16270"}],"wp:term":[{"taxonomy":"category","embeddable":true,"href":"https:\/\/www.radiopresidenteibanez.cl\/web\/wp-json\/wp\/v2\/categories?post=16270"},{"taxonomy":"post_tag","embeddable":true,"href":"https:\/\/www.radiopresidenteibanez.cl\/web\/wp-json\/wp\/v2\/tags?post=16270"}],"curies":[{"name":"wp","href":"https:\/\/api.w.org\/{rel}","templated":true}]}}