{"id":16262,"date":"2020-11-23T03:15:00","date_gmt":"2020-11-23T03:15:00","guid":{"rendered":"https:\/\/www.radiopresidenteibanez.cl\/web\/?p=16262"},"modified":"2020-11-21T20:07:08","modified_gmt":"2020-11-21T20:07:08","slug":"programa-con-buena-energia-capacito-a-mujeres-prodemu","status":"publish","type":"post","link":"https:\/\/www.radiopresidenteibanez.cl\/web\/programa-con-buena-energia-capacito-a-mujeres-prodemu\/","title":{"rendered":"PROGRAMA CON BUENA ENERG\u00cdA CAPACIT\u00d3 A MUJERES PRODEMU"},"content":{"rendered":"\n<p>Como ya es habitual -y necesario debido al Covid-19-, telem\u00e1ticamente m\u00e1s de 50 mujeres de la regi\u00f3n fueron capacitadas en el uso eficiente de los recursos energ\u00e9ticos en el hogar. Esto, en el marco del convenio nacional suscrito entre la Subsecretar\u00eda de Energ\u00eda y la Fundaci\u00f3n para la Promoci\u00f3n y Desarrollo de la Mujer, PRODEMU.<\/p>\n\n\n\n<p>En la oportunidad, las autoridades regionales abrieron el espacio formativo dando la bienvenida a&nbsp;las beneficiarias \u2013mujeres que han transitado por las diversas rutas de aprendizaje de PRODEMU -entidad que en la regi\u00f3n dirige Gabriela S\u00e1nchez Ca\u00f1ete.<\/p>\n\n\n\n<p>En este sentido fue que las mujeres de PRODEMU, en el marco de otra ruta, la Ruta Energ\u00e9tica de Chile&nbsp;2018-2022, recibieron una did\u00e1ctica y completa capacitaci\u00f3n que propicia el programa ministerial \u201cCon Buena Energ\u00eda\u201d, el cual adem\u00e1s, entrega a las participantes, un kit de ahorro energ\u00e9tico.<\/p>\n\n\n\n<p><strong>AGRADECIDAS CON EL TALLER<\/strong><\/p>\n\n\n\n<p>La actividad fue destacada tanto por las autoridades regionales como por la asistentes a la charla.<\/p>\n\n\n\n<p>Y as\u00ed lo hizo saber el SEREMI de Energ\u00eda de Magallanes, Nolberto Sa\u00e9z, quien felicit\u00f3 el inter\u00e9s de las mujeres PRODEMU, \u201cpor aprender y querer incorporar h\u00e1bitos de eficiencia energ\u00e9tica a su vida cotidiana.<\/p>\n\n\n\n<p>\u201cEstamos difundiendo de forma muy did\u00e1ctica y f\u00e1cil de aprender, \u00fatiles consejos que, aplicados con sencillez, generar\u00e1n ahorros no menores en las cuentas del mes; esto, sin afectar, por ejemplo, el confort dentro de la vivienda\u201d, sostuvo el secretario regional. &nbsp;<\/p>\n\n\n\n<p>El SEREMI S\u00e1ez agreg\u00f3 que mantener nuestros hogares con medidas de eficiencia energ\u00e9tica es una de las claves para alcanzar la carbononeutralidad y al mismo tiempo favorecer el estado financiero&nbsp;familiar.<\/p>\n\n\n\n<p>\u201cUna de las preocupaciones de nuestra cartera que el ministro Juan Carlos Jobet nos ha pedido intensificar, es la de darnos una maciza cultura de la eficiencia energ\u00e9tica en todos los niveles: educativo, institucional, p\u00fablico, privado, acad\u00e9mico y domiciliario. Hoy estamos cumpliendo con este mandato gracias al compromiso de este medio centenar de mujeres que participaron activamente de la actividad\u201d, remarc\u00f3 la autoridad regional.<\/p>\n\n\n\n<p>Por su parte, la directora regional de PRODEMU, Gabriela S\u00e1nchez, relevando el convenio de cooperaci\u00f3n suscrito recientemente entre la Subsecretar\u00eda de Energ\u00eda y la Fundaci\u00f3n, se\u00f1al\u00f3: \u201cHoy, con esta jornada de capacitaci\u00f3n, estamos dando inicio a un trabajo colaborativo entre estas dos instituciones direccionado a generar un cambio cultural a nivel de la ciudadan\u00eda y en particular a nivel de las mujeres de nuestra regi\u00f3n, para que incorporen pr\u00e1cticas de buen uso y ahorro energ\u00e9tico al interior de los hogares magall\u00e1nicos y con ello aporten al cuidado de nuestro medio ambiente. &nbsp;<\/p>\n\n\n\n<p>S\u00e1nchez a\u00f1adi\u00f3 que para nuestra Directora Nacional, Paola Diez Berliner \u201ces una preocupaci\u00f3n permanente articular la red institucional p\u00fablica de modo que permita generar alianzas estrat\u00e9gicas en beneficio de las mujeres de nuestro territorio\u201d.<\/p>\n\n\n\n<p>La opini\u00f3n de las autoridades fue refrendada por la se\u00f1ora Juana C\u00e1rcacamo Haselbach (68), quien disfrut\u00f3 activamente del taller.&nbsp;<\/p>\n\n\n\n<p>\u201cYo como adulta mayor estoy agradecida que siempre PRODEMU me tiene en cuenta. Con la jornada dada por la SEREMI de Energ\u00eda aprend\u00ed cosas que a mi edad no sab\u00eda, y que pensaba que estaba haciendo bien. La charla estuvo muy bien explicada, y lo que me qued\u00f3 claro es que cuidando el consumo de luz y gas, se cuida el bolsillo. Agradezco a las dos instituciones por la oportunidad. Despu\u00e9s de lo aprendido, cambiar\u00e9 de inmediato el mal h\u00e1bito de tener enchufados todo el d\u00eda los cargadores de celulares y el hervidor\u201d, cont\u00f3. &nbsp;&nbsp;<\/p>\n\n\n\n<p><strong>KIT<\/strong><\/p>\n\n\n\n<p>Las beneficiariasrecibir\u00e1n un kit eficiente que consta de 2 ampolletas LED luz c\u00e1lida de 9W, equivalente a 60W. La vida media \u00fatil de cada ampolleta es de unas 15.000 horas. Tambi\u00e9n se entregar\u00e1 un alargador con interruptor, un sello para puerta o ventana, magneto informativo y una bolsa reutilizable.<\/p>\n\n\n\n<p><strong>TIPS DE EFICIENCIA ENERG\u00c9TICA<\/strong><\/p>\n\n\n\n<p>En la exposici\u00f3n, la Profesional de la SEREMI, Mar\u00eda Alicia Aguilar, entre otros puntos, explic\u00f3 acciones sencillas y a la mano para ser m\u00e1s energ\u00e9ticamente eficientes en la casa.<\/p>\n\n\n\n<p>Entre ellas, mencion\u00f3 &nbsp;el&nbsp;uso de \u201czapatillas\u201d o alargadores que posean interruptor de apagado para que, por ejemplo, los electrodom\u00e9sticos m\u00e1s usados, no sean desenchufados y para ello s\u00f3lo basta presionar el switch de encendido\/apagado; abrir el refrigerador en forma programada y tenerlo abierto el menor tiempo posible, no poner alimentos o bebidas calientes en su interior o &nbsp;lavar con cuando la carga de la lavadora est\u00e9 a plena capacidad y no solo con un par de prendas, deshelar los productos congelados pas\u00e1ndose desde el freezer al refrigerador la noche antes de modo de aprovechar la carga de fr\u00edo que trae este producto; tambi\u00e9n usar termos para guardar el agua caliente sobrante del hervidor el\u00e9ctrico o tetera y calentar s\u00f3lo el agua que se va a consumir, entre otros.&nbsp;&nbsp;&nbsp;&nbsp;<\/p>\n\n\n\n<p>\u201cIncorporando consejos como estos, (desenchufar aparatos o usar para ello el alargador con interruptor de apagado que evita el denominado consumo stand by o \u2018vampiro\u2019) y cambiarse a ampolletas LED podr\u00edan generar ahorros importantes en la suma de las boletas de los servicios b\u00e1sicos cercano al 20% aproximadamente\u201d.<\/p>\n","protected":false},"excerpt":{"rendered":"<p>Como ya es habitual -y necesario debido al Covid-19-, telem\u00e1ticamente m\u00e1s de 50 mujeres de la regi\u00f3n fueron capacitadas en el uso eficiente de los recursos energ\u00e9ticos en el hogar&#8230;. <a class=\"read-more\" href=\"https:\/\/www.radiopresidenteibanez.cl\/web\/programa-con-buena-energia-capacito-a-mujeres-prodemu\/\">Leer m\u00e1s<\/a><\/p>\n","protected":false},"author":2,"featured_media":16263,"comment_status":"closed","ping_status":"closed","sticky":false,"template":"","format":"standard","meta":{"footnotes":""},"categories":[1],"tags":[],"class_list":["post-16262","post","type-post","status-publish","format-standard","has-post-thumbnail","hentry","category-cronica"],"_links":{"self":[{"href":"https:\/\/www.radiopresidenteibanez.cl\/web\/wp-json\/wp\/v2\/posts\/16262","targetHints":{"allow":["GET"]}}],"collection":[{"href":"https:\/\/www.radiopresidenteibanez.cl\/web\/wp-json\/wp\/v2\/posts"}],"about":[{"href":"https:\/\/www.radiopresidenteibanez.cl\/web\/wp-json\/wp\/v2\/types\/post"}],"author":[{"embeddable":true,"href":"https:\/\/www.radiopresidenteibanez.cl\/web\/wp-json\/wp\/v2\/users\/2"}],"replies":[{"embeddable":true,"href":"https:\/\/www.radiopresidenteibanez.cl\/web\/wp-json\/wp\/v2\/comments?post=16262"}],"version-history":[{"count":0,"href":"https:\/\/www.radiopresidenteibanez.cl\/web\/wp-json\/wp\/v2\/posts\/16262\/revisions"}],"wp:featuredmedia":[{"embeddable":true,"href":"https:\/\/www.radiopresidenteibanez.cl\/web\/wp-json\/wp\/v2\/media\/16263"}],"wp:attachment":[{"href":"https:\/\/www.radiopresidenteibanez.cl\/web\/wp-json\/wp\/v2\/media?parent=16262"}],"wp:term":[{"taxonomy":"category","embeddable":true,"href":"https:\/\/www.radiopresidenteibanez.cl\/web\/wp-json\/wp\/v2\/categories?post=16262"},{"taxonomy":"post_tag","embeddable":true,"href":"https:\/\/www.radiopresidenteibanez.cl\/web\/wp-json\/wp\/v2\/tags?post=16262"}],"curies":[{"name":"wp","href":"https:\/\/api.w.org\/{rel}","templated":true}]}}