{"id":1626,"date":"2019-02-26T18:33:51","date_gmt":"2019-02-26T18:33:51","guid":{"rendered":"http:\/\/www.radiopresidenteibanez.cl\/web\/?p=1626"},"modified":"2019-02-26T18:34:11","modified_gmt":"2019-02-26T18:34:11","slug":"ninos-del-jardin-de-verano-2019-de-la-junji-cerraron-sus-actividades-con-un-carnavalito-en-la-plaza-esmeralda","status":"publish","type":"post","link":"https:\/\/www.radiopresidenteibanez.cl\/web\/ninos-del-jardin-de-verano-2019-de-la-junji-cerraron-sus-actividades-con-un-carnavalito-en-la-plaza-esmeralda\/","title":{"rendered":"NI\u00d1OS DEL JARD\u00cdN DE VERANO 2019 DE LA JUNJI CERRARON SUS ACTIVIDADES CON UN \u201cCARNAVALITO\u201d EN LA PLAZA \u201cESMERALDA\u201d"},"content":{"rendered":"\n<p>Decenas de familias usuarias de las unidades de la Junta Nacional de Jardines Infantiles (JUNJI) en Punta Arenas pudieron tener a sus hijas, hijos y pupilos en el tradicional Jard\u00edn de Verano, que funcion\u00f3, fundamentalmente, durante febrero de 2019 en las instalaciones del establecimiento educacional \u201cPeter Pan\u201d de la instituci\u00f3n, ubicado en calle General del Canto 0726.<\/p>\n\n\n\n<p>Una de las actividades de cierre tuvo lugar en la cercana Plaza \u201cEsmeralda\u201d, donde ni\u00f1as y ni\u00f1os pudieron hacer un \u201ccarnavalito\u201d, jugar en la cancha de pasto sint\u00e9tico, para luego presenciar un pie de cueca a cargo de una pareja de la agrupaci\u00f3n \u201cArrieros del viento\u201d, de la IV Brigada A\u00e9rea, compuesta por Beatriz Valderrama y Mat\u00edas Villagr\u00e1n y una obra de teatro a cargo de representantes del grupo \u201cEl chuzo\u201d.&nbsp;<\/p>\n\n\n\n<p>La actividad fue dirigida por la encargada del Jard\u00edn de Verano de Punta Arenas, la educadora Viviana Fuentes Meli\u00e1n, quien agradeci\u00f3 a los artistas por actuar gratuitamente para los peque\u00f1os.&nbsp;<\/p>\n\n\n\n<p>La joven agreg\u00f3 que, como equipo educativo, est\u00e1n muy contentas, ya que lograron generar un espacio l\u00fadico para los p\u00e1rvulos que est\u00e1n matriculados en distintos recintos de la JUNJI en la capital regional y cuyas familias no viajaron de vacaciones y no tienen redes de apoyo. \u201cTratamos de hacerlo lo m\u00e1s l\u00fadico posible, que se entretengan, un espacio de verano y diversi\u00f3n\u201d, explic\u00f3 la joven.<\/p>\n\n\n\n<p>Dada la cercan\u00eda del \u201cPeter Pan\u201d con la Plaza \u201cEsmeralda\u201d, Viviana explic\u00f3 que, como comunidad educativa, quisieron adue\u00f1arse del espacio p\u00fablico ubicado en el barrio \u201cArturo Prat\u201d. La soleada jornada fue acompa\u00f1ada por distintos profesionales de la JUNJI, encabezados por el director regional subrogante de Magallanes y de la Ant\u00e1rtica Chilena, el ingeniero Marcelo Guerrero D\u00edaz, quien, dirigi\u00e9ndose a los presentes, agradeci\u00f3 la confianza de padres y apoderados al permitir la existencia de este espacio educacional del periodo estival, que tambi\u00e9n tuvo lugar, igual de forma tradicional, en Puerto Natales.<\/p>\n\n\n\n<p>\u201cEl Jard\u00edn de Verano es un gran aporte para las familias que pueden afligirse porque no tienen d\u00f3nde dejar a sus hijos en verano, periodo en el que deben seguir trabajando. \u00c9ste ha sido un espacio de diversidad y hoy podemos decir que los ni\u00f1os est\u00e1n felices. Adem\u00e1s, estoy muy agradecida del equipo de educadoras y t\u00e9cnicos en educaci\u00f3n parvularia, muy comprometido con la labor y todas con mucha energ\u00eda\u201d, concluy\u00f3 Viviana Fuentes.\u00a0<\/p>\n\n\n\n<ul class=\"wp-block-gallery columns-2 is-cropped wp-block-gallery-1 is-layout-flex wp-block-gallery-is-layout-flex\"><li class=\"blocks-gallery-item\"><figure><img loading=\"lazy\" decoding=\"async\" width=\"900\" height=\"599\" src=\"https:\/\/www.radiopresidenteibanez.cl\/web\/wp-content\/uploads\/2019\/02\/IMG_0099.jpg\" alt=\"\" data-id=\"1627\" data-link=\"https:\/\/www.radiopresidenteibanez.cl\/web\/?attachment_id=1627\" class=\"wp-image-1627\" srcset=\"https:\/\/www.radiopresidenteibanez.cl\/web\/wp-content\/uploads\/2019\/02\/IMG_0099.jpg 900w, https:\/\/www.radiopresidenteibanez.cl\/web\/wp-content\/uploads\/2019\/02\/IMG_0099-300x200.jpg 300w, https:\/\/www.radiopresidenteibanez.cl\/web\/wp-content\/uploads\/2019\/02\/IMG_0099-768x511.jpg 768w\" sizes=\"auto, (max-width: 900px) 100vw, 900px\" \/><\/figure><\/li><li class=\"blocks-gallery-item\"><figure><img loading=\"lazy\" decoding=\"async\" width=\"900\" height=\"599\" src=\"https:\/\/www.radiopresidenteibanez.cl\/web\/wp-content\/uploads\/2019\/02\/IMG_0101.jpg\" alt=\"\" data-id=\"1628\" data-link=\"https:\/\/www.radiopresidenteibanez.cl\/web\/?attachment_id=1628\" class=\"wp-image-1628\" srcset=\"https:\/\/www.radiopresidenteibanez.cl\/web\/wp-content\/uploads\/2019\/02\/IMG_0101.jpg 900w, https:\/\/www.radiopresidenteibanez.cl\/web\/wp-content\/uploads\/2019\/02\/IMG_0101-300x200.jpg 300w, https:\/\/www.radiopresidenteibanez.cl\/web\/wp-content\/uploads\/2019\/02\/IMG_0101-768x511.jpg 768w\" sizes=\"auto, (max-width: 900px) 100vw, 900px\" \/><\/figure><\/li><li class=\"blocks-gallery-item\"><figure><img loading=\"lazy\" decoding=\"async\" width=\"900\" height=\"599\" src=\"https:\/\/www.radiopresidenteibanez.cl\/web\/wp-content\/uploads\/2019\/02\/IMG_0156.jpg\" alt=\"\" data-id=\"1629\" data-link=\"https:\/\/www.radiopresidenteibanez.cl\/web\/?attachment_id=1629\" class=\"wp-image-1629\" srcset=\"https:\/\/www.radiopresidenteibanez.cl\/web\/wp-content\/uploads\/2019\/02\/IMG_0156.jpg 900w, https:\/\/www.radiopresidenteibanez.cl\/web\/wp-content\/uploads\/2019\/02\/IMG_0156-300x200.jpg 300w, https:\/\/www.radiopresidenteibanez.cl\/web\/wp-content\/uploads\/2019\/02\/IMG_0156-768x511.jpg 768w\" sizes=\"auto, (max-width: 900px) 100vw, 900px\" \/><\/figure><\/li><\/ul>\n","protected":false},"excerpt":{"rendered":"<p>Decenas de familias usuarias de las unidades de la Junta Nacional de Jardines Infantiles (JUNJI) en Punta Arenas pudieron tener a sus hijas, hijos y pupilos en el tradicional Jard\u00edn&#8230; <a class=\"read-more\" href=\"https:\/\/www.radiopresidenteibanez.cl\/web\/ninos-del-jardin-de-verano-2019-de-la-junji-cerraron-sus-actividades-con-un-carnavalito-en-la-plaza-esmeralda\/\">Leer m\u00e1s<\/a><\/p>\n","protected":false},"author":2,"featured_media":1627,"comment_status":"closed","ping_status":"closed","sticky":false,"template":"","format":"standard","meta":{"footnotes":""},"categories":[1],"tags":[],"class_list":["post-1626","post","type-post","status-publish","format-standard","has-post-thumbnail","hentry","category-cronica"],"_links":{"self":[{"href":"https:\/\/www.radiopresidenteibanez.cl\/web\/wp-json\/wp\/v2\/posts\/1626","targetHints":{"allow":["GET"]}}],"collection":[{"href":"https:\/\/www.radiopresidenteibanez.cl\/web\/wp-json\/wp\/v2\/posts"}],"about":[{"href":"https:\/\/www.radiopresidenteibanez.cl\/web\/wp-json\/wp\/v2\/types\/post"}],"author":[{"embeddable":true,"href":"https:\/\/www.radiopresidenteibanez.cl\/web\/wp-json\/wp\/v2\/users\/2"}],"replies":[{"embeddable":true,"href":"https:\/\/www.radiopresidenteibanez.cl\/web\/wp-json\/wp\/v2\/comments?post=1626"}],"version-history":[{"count":0,"href":"https:\/\/www.radiopresidenteibanez.cl\/web\/wp-json\/wp\/v2\/posts\/1626\/revisions"}],"wp:featuredmedia":[{"embeddable":true,"href":"https:\/\/www.radiopresidenteibanez.cl\/web\/wp-json\/wp\/v2\/media\/1627"}],"wp:attachment":[{"href":"https:\/\/www.radiopresidenteibanez.cl\/web\/wp-json\/wp\/v2\/media?parent=1626"}],"wp:term":[{"taxonomy":"category","embeddable":true,"href":"https:\/\/www.radiopresidenteibanez.cl\/web\/wp-json\/wp\/v2\/categories?post=1626"},{"taxonomy":"post_tag","embeddable":true,"href":"https:\/\/www.radiopresidenteibanez.cl\/web\/wp-json\/wp\/v2\/tags?post=1626"}],"curies":[{"name":"wp","href":"https:\/\/api.w.org\/{rel}","templated":true}]}}