{"id":16256,"date":"2020-11-21T20:03:12","date_gmt":"2020-11-21T20:03:12","guid":{"rendered":"https:\/\/www.radiopresidenteibanez.cl\/web\/?p=16256"},"modified":"2020-11-21T20:03:26","modified_gmt":"2020-11-21T20:03:26","slug":"mermeladas-de-calafate-y-ruibarbo-obtienen-sello-manos-campesinas","status":"publish","type":"post","link":"https:\/\/www.radiopresidenteibanez.cl\/web\/mermeladas-de-calafate-y-ruibarbo-obtienen-sello-manos-campesinas\/","title":{"rendered":"MERMELADAS DE CALAFATE Y RUIBARBO OBTIENEN \u201cSELLO MANOS CAMPESINAS\u201d"},"content":{"rendered":"\n<p>Patricia Delgado, no aguanta la emoci\u00f3n. Sabe que detr\u00e1s hay un equipo de profesionales que certific\u00f3 la calidad del producto, las condiciones, y el modo artesanal de elaboraci\u00f3n. Y por fin, despu\u00e9s de poco m\u00e1s de dos a\u00f1os, sus mermeladas reciben hoy el \u201cSello Manos Campesinas\u201d.&nbsp;<\/p>\n\n\n\n<p>La iniciativa, impulsada por INDAP, busca destacar y visibilizar el trabajo de la&nbsp;Agricultura&nbsp;Familiar, potenciando mercados m\u00e1s sustentables para la comercializaci\u00f3n de los productos&nbsp;campesinos.&nbsp;<\/p>\n\n\n\n<p>\u201cEs un tremendo orgullo, llevo a\u00f1os trabajando para obtener un producto de calidad, lo m\u00e1s tradicional posible, sin preservantes ni colorantes. Y hoy veo los resultados.&nbsp;&nbsp;Invito a las personas que cuando vean el sello no duden que detr\u00e1s hay calidad y manos campesinas\u201d, destaca la agricultora de Punta Arenas.&nbsp;<\/p>\n\n\n\n<p>A su vez, valor\u00f3 que detr\u00e1s del sello hay trabajo, capacitaci\u00f3n e innovaci\u00f3n. Todos procesos de varios a\u00f1os de esfuerzo. \u201cMe gustar\u00eda en el futuro certificar todos mis productos. Hoy solo est\u00e1n las mermeladas de ruibarbo, calafate y los jugos\u201d, precis\u00f3.&nbsp;<\/p>\n\n\n\n<p>Cada producto tendr\u00e1 el \u201cSello de Manos Campesinas\u201d que lo distinguir\u00e1 y acreditar\u00e1 a los consumidores la calidad y el valor artesanal de las mermeladas de Patricia Delgado.&nbsp;<\/p>\n\n\n\n<p>Para el director regional de INDAP, Petar Bradasic, la noticia beneficia a toda la regi\u00f3n y entusiasma a otros agricultores para que hagan el esfuerzo del certificar sus productos.&nbsp;<\/p>\n\n\n\n<p>\u201c\u00c9ste es un proceso garantizado por INDAP y la Universidad de chile. Pronto estaremos entregando el Sello a otros dos productores de Puerto Natales\u201d, explic\u00f3 Bradasic.&nbsp;<\/p>\n\n\n\n<p>A su vez, agreg\u00f3 que la presencia del Sello Manos Campesinas garantiza que los productos y servicios son de origen campesino, artesanales, sanos y fomentan el desarrollo econ\u00f3mico de peque\u00f1os productores.<\/p>\n","protected":false},"excerpt":{"rendered":"<p>Patricia Delgado, no aguanta la emoci\u00f3n. Sabe que detr\u00e1s hay un equipo de profesionales que certific\u00f3 la calidad del producto, las condiciones, y el modo artesanal de elaboraci\u00f3n. Y por&#8230; <a class=\"read-more\" href=\"https:\/\/www.radiopresidenteibanez.cl\/web\/mermeladas-de-calafate-y-ruibarbo-obtienen-sello-manos-campesinas\/\">Leer m\u00e1s<\/a><\/p>\n","protected":false},"author":2,"featured_media":16257,"comment_status":"closed","ping_status":"closed","sticky":false,"template":"","format":"standard","meta":{"footnotes":""},"categories":[1],"tags":[],"class_list":["post-16256","post","type-post","status-publish","format-standard","has-post-thumbnail","hentry","category-cronica"],"_links":{"self":[{"href":"https:\/\/www.radiopresidenteibanez.cl\/web\/wp-json\/wp\/v2\/posts\/16256","targetHints":{"allow":["GET"]}}],"collection":[{"href":"https:\/\/www.radiopresidenteibanez.cl\/web\/wp-json\/wp\/v2\/posts"}],"about":[{"href":"https:\/\/www.radiopresidenteibanez.cl\/web\/wp-json\/wp\/v2\/types\/post"}],"author":[{"embeddable":true,"href":"https:\/\/www.radiopresidenteibanez.cl\/web\/wp-json\/wp\/v2\/users\/2"}],"replies":[{"embeddable":true,"href":"https:\/\/www.radiopresidenteibanez.cl\/web\/wp-json\/wp\/v2\/comments?post=16256"}],"version-history":[{"count":0,"href":"https:\/\/www.radiopresidenteibanez.cl\/web\/wp-json\/wp\/v2\/posts\/16256\/revisions"}],"wp:featuredmedia":[{"embeddable":true,"href":"https:\/\/www.radiopresidenteibanez.cl\/web\/wp-json\/wp\/v2\/media\/16257"}],"wp:attachment":[{"href":"https:\/\/www.radiopresidenteibanez.cl\/web\/wp-json\/wp\/v2\/media?parent=16256"}],"wp:term":[{"taxonomy":"category","embeddable":true,"href":"https:\/\/www.radiopresidenteibanez.cl\/web\/wp-json\/wp\/v2\/categories?post=16256"},{"taxonomy":"post_tag","embeddable":true,"href":"https:\/\/www.radiopresidenteibanez.cl\/web\/wp-json\/wp\/v2\/tags?post=16256"}],"curies":[{"name":"wp","href":"https:\/\/api.w.org\/{rel}","templated":true}]}}