{"id":16250,"date":"2020-11-21T03:15:00","date_gmt":"2020-11-21T03:15:00","guid":{"rendered":"https:\/\/www.radiopresidenteibanez.cl\/web\/?p=16250"},"modified":"2020-11-20T16:17:49","modified_gmt":"2020-11-20T16:17:49","slug":"termometro-laboral-de-magallanes-confirma-leve-recuperacion-del-empleo-en-ultimo-trimestre","status":"publish","type":"post","link":"https:\/\/www.radiopresidenteibanez.cl\/web\/termometro-laboral-de-magallanes-confirma-leve-recuperacion-del-empleo-en-ultimo-trimestre\/","title":{"rendered":"TERM\u00d3METRO LABORAL DE MAGALLANES CONFIRMA LEVE RECUPERACI\u00d3N DEL EMPLEO EN \u00daLTIMO TRIMESTRE"},"content":{"rendered":"\n<p>Esta semana, el Observatorio Laboral\nde Magallanes (OLM) public\u00f3 su informe mensual conocido como \u201cTerm\u00f3metro\nLaboral Magallanes\u201d, instrumento que recoge datos de diferentes mediciones a\nfin de entregar un panorama m\u00e1s amplio sobre el mercado del empleo regional.<\/p>\n\n\n\n<p>Es as\u00ed que, en su bolet\u00edn\ncorrespondiente al mes de noviembre del presente a\u00f1o, el informe y sus\ndiferentes gr\u00e1ficas confirman una leve recuperaci\u00f3n del empleo en el \u00faltimo\ntrimestre, que corresponde al per\u00edodo de julio a septiembre de este a\u00f1o.<\/p>\n\n\n\n<p>En palabras de la Seremi del Trabajo,\nVictoria Cort\u00e9s Schiattino, \u201cseg\u00fan refleja el bolet\u00edn elaborado por el\nObservatorio Laboral de Magallanes, dependiente del Servicio Nacional de\nCapacitaci\u00f3n y Empleo (Sence) Magallanes, la tasa actual de ocupaci\u00f3n en la\nzona es de un 53%, equivalente a m\u00e1s de 77.400 personas ocupadas. Esta tasa\nconstituye un \u00edndice que es superior al promedio nacional, donde la tasa de\nocupaci\u00f3n se ubica en un 46,8%, seg\u00fan el informe\u201d.<\/p>\n\n\n\n<p>De acuerdo al instrumento, la tasa de\nocupaci\u00f3n regional ha seguido un aumento sostenido presentado desde el\ntrimestre Mayo-Julio de este a\u00f1o.<\/p>\n\n\n\n<p>En lo que respecta a las personas\nocupadas ausentes \u2013aquellos que sin estar trabajando mantienen su v\u00ednculo\nlaboral- representan para este mismo per\u00edodo un 14,4% del total de las personas\nocupadas de la regi\u00f3n, lo que implica un \u00edndice mayor que el de otros a\u00f1os pero\nque, igualmente, ha presentado una disminuci\u00f3n en esta \u00faltima medici\u00f3n.<\/p>\n\n\n\n<p>\u201cEl informe tambi\u00e9n da cuenta de\naquellas personas que hoy se encuentran inactivas y que, sabemos, han aumentado\nproducto de los efectos negativos que ha tenido la pandemia por Coronavirus,\nque ha afectado en mayor grado a las mujeres. Hasta el trimestre anterior\n(Abril a Junio) las mujeres alcanzaban un 53,9% de inactividad versus un 36,7%\nde los varones. Sin embargo, en este \u00faltimo trimestre vimos un retroceso en la\ninactividad tanto en las mujeres como en los hombres, lo cual reafirma esta\nrecuperaci\u00f3n\u201d, agreg\u00f3 la seremi.<\/p>\n\n\n\n<p>Es as\u00ed que, seg\u00fan lo recogido por el\nOLM, en el \u00faltimo trimestre la tasa de inactividad entre las mujeres baj\u00f3 a un\n51,1%. En tanto, tambi\u00e9n se observ\u00f3 una leva baja en la tasa de inactividad de\nlos hombres, que se redujo a un 34,2% respecto al trimestre inmediatamente\nanterior.<\/p>\n\n\n\n<p>Por \u00faltimo, el documento tambi\u00e9n da\ncuenta de las solicitudes aprobadas de la ley de Protecci\u00f3n del Empleo, la cual\nen la regi\u00f3n de Magallanes ha acogido a un total de 8.598 personas bajo\nsuspensi\u00f3n de contrato por acto de autoridad y por pactos de suspensi\u00f3n en el\nper\u00edodo abarcado por el informe. &nbsp;<\/p>\n","protected":false},"excerpt":{"rendered":"<p>Esta semana, el Observatorio Laboral de Magallanes (OLM) public\u00f3 su informe mensual conocido como \u201cTerm\u00f3metro Laboral Magallanes\u201d, instrumento que recoge datos de diferentes mediciones a fin de entregar un panorama&#8230; <a class=\"read-more\" href=\"https:\/\/www.radiopresidenteibanez.cl\/web\/termometro-laboral-de-magallanes-confirma-leve-recuperacion-del-empleo-en-ultimo-trimestre\/\">Leer m\u00e1s<\/a><\/p>\n","protected":false},"author":2,"featured_media":11423,"comment_status":"closed","ping_status":"closed","sticky":false,"template":"","format":"standard","meta":{"footnotes":""},"categories":[1],"tags":[],"class_list":["post-16250","post","type-post","status-publish","format-standard","has-post-thumbnail","hentry","category-cronica"],"_links":{"self":[{"href":"https:\/\/www.radiopresidenteibanez.cl\/web\/wp-json\/wp\/v2\/posts\/16250","targetHints":{"allow":["GET"]}}],"collection":[{"href":"https:\/\/www.radiopresidenteibanez.cl\/web\/wp-json\/wp\/v2\/posts"}],"about":[{"href":"https:\/\/www.radiopresidenteibanez.cl\/web\/wp-json\/wp\/v2\/types\/post"}],"author":[{"embeddable":true,"href":"https:\/\/www.radiopresidenteibanez.cl\/web\/wp-json\/wp\/v2\/users\/2"}],"replies":[{"embeddable":true,"href":"https:\/\/www.radiopresidenteibanez.cl\/web\/wp-json\/wp\/v2\/comments?post=16250"}],"version-history":[{"count":0,"href":"https:\/\/www.radiopresidenteibanez.cl\/web\/wp-json\/wp\/v2\/posts\/16250\/revisions"}],"wp:featuredmedia":[{"embeddable":true,"href":"https:\/\/www.radiopresidenteibanez.cl\/web\/wp-json\/wp\/v2\/media\/11423"}],"wp:attachment":[{"href":"https:\/\/www.radiopresidenteibanez.cl\/web\/wp-json\/wp\/v2\/media?parent=16250"}],"wp:term":[{"taxonomy":"category","embeddable":true,"href":"https:\/\/www.radiopresidenteibanez.cl\/web\/wp-json\/wp\/v2\/categories?post=16250"},{"taxonomy":"post_tag","embeddable":true,"href":"https:\/\/www.radiopresidenteibanez.cl\/web\/wp-json\/wp\/v2\/tags?post=16250"}],"curies":[{"name":"wp","href":"https:\/\/api.w.org\/{rel}","templated":true}]}}