{"id":16243,"date":"2020-11-20T15:34:07","date_gmt":"2020-11-20T15:34:07","guid":{"rendered":"https:\/\/www.radiopresidenteibanez.cl\/web\/?p=16243"},"modified":"2020-11-20T15:34:13","modified_gmt":"2020-11-20T15:34:13","slug":"los-500-anos-a-traves-de-los-cuentos-e-ilustraciones-de-escolares-de-magallanes-2","status":"publish","type":"post","link":"https:\/\/www.radiopresidenteibanez.cl\/web\/los-500-anos-a-traves-de-los-cuentos-e-ilustraciones-de-escolares-de-magallanes-2\/","title":{"rendered":"LOS 500 A\u00d1OS A TRAV\u00c9S DE LOS CUENTOS E ILUSTRACIONES DE ESCOLARES DE MAGALLANES"},"content":{"rendered":"\n<p>Doce cuentos, escritos por estudiantes\nde 8 a 18 a\u00f1os, y 24 ilustraciones de autores de 5 a 18 a\u00f1os, dan vida al libro\n\u201cJ\u00f3venes talentos de Magallanes: 500 a\u00f1os de historia\u201d resultado del concurso\ndel mismo nombre realizado por Fundaci\u00f3n Teraike en 2020. El libro busca\nrescatar los episodios m\u00e1s importantes de la historia local reciente a trav\u00e9s\nde la mirada de sus j\u00f3venes autores. El punto de partida es la conmemoraci\u00f3n de\nlos 500 a\u00f1os de la expedici\u00f3n liderada por Hernando de Magallanes y la primera\ncircunnavegaci\u00f3n a la Tierra, invit\u00e1ndolos a reflexionar sobre lo que este\nhecho signific\u00f3 para la regi\u00f3n.<\/p>\n\n\n\n<p>Esta es la novena versi\u00f3n del concurso escolar de Fundaci\u00f3n Teraike\nque en los \u00faltimos cuatro a\u00f1os ha incluido la escritura e ilustraci\u00f3n culminando\nen la publicaci\u00f3n de un libro con los trabajos ganadores el que es donado a\ntodas las bibliotecas p\u00fablicas y establecimientos educacionales de Magallanes.<\/p>\n\n\n\n<p>Este a\u00f1o fue especialmente dif\u00edcil llegar a los estudiantes debido al\ncierre de los colegios por la pandemia. La Fundaci\u00f3n recibi\u00f3 la mitad de\ntrabajos que en a\u00f1os anteriores, cerca de 400 considerando las dos etapas, sin\nembargo tuvo mayor alcance regional con participantes de las comunas de Cabo de\nhornos, Timaukel, Porvenir, San Gregorio, R\u00edo Verde, Natales y Punta Arenas.\nEsto permiti\u00f3 contar con variadas historias y miradas de distintos lugares de\nla regi\u00f3n, que enriquecen este libro.<\/p>\n\n\n\n<p>\u201cSon relatos que rescatan la historia de los pueblos originarios, de\nlos primeros exploradores, de los colonos que poblaron la regi\u00f3n y tambi\u00e9n de\nlos habitantes actuales. Los cuentos est\u00e1n acompa\u00f1ados de maravillosas\nilustraciones realizadas por estudiantes de distintas edades y comunas, que\ncomplementan el viaje que sus lectores realizan por distintos lugares y \u00e9pocas,\ndando as\u00ed a conocer la identidad de la regi\u00f3n\u201d, coment\u00f3 Francisca Vogt,\nDirectora Ejecutiva de Fundaci\u00f3n Teraike.<\/p>\n\n\n\n<p>Para conmemorar los 500 a\u00f1os, se\nrealiz\u00f3 una edici\u00f3n especial del libro 2020 que es biling\u00fce y por primera vez\nse pone a la venta para el p\u00fablico nacional y extranjero, con el fin de llegar\na los turistas, cuando puedan volver a visitar la regi\u00f3n de Magallanes, y as\u00ed\nlograr que los cuentos e ilustraciones de sus j\u00f3venes autores den la vuelta al\nmundo.<\/p>\n\n\n\n<p>En la regi\u00f3n de Magallanes, los libros\nest\u00e1n a la venta de manera online a trav\u00e9s de la librer\u00eda Qu\u00e9 Leo Punta Arenas.\nCuando la situaci\u00f3n sanitaria est\u00e9 superada, se podr\u00e1n encontrar en 14 puntos\nde venta en distintas comunas, los que ser\u00e1n anunciados a trav\u00e9s del Instagram\ny Facebook de Fundaci\u00f3n Teraike. Adem\u00e1s, en el sitio web de la fundaci\u00f3n (<a href=\"http:\/\/www.fundacionteraike.cl\">www.fundacionteraike.cl<\/a>) se puede descargar el libro de manera\ngratuita. <\/p>\n\n\n\n<p><strong>Fundaci\u00f3n Teraike<\/strong> es una\ninstituci\u00f3n&nbsp;sin fines de lucro&nbsp;que tiene como&nbsp;objetivo aportar\nal desarrollo de la Regi\u00f3n de Magallanes y la Ant\u00e1rtica chilena. Fue fundada\npor la familia Palma Matetic con el fin de devolver la mano a la regi\u00f3n que\nacogi\u00f3 a sus antepasados.<\/p>\n\n\n\n<p>A trav\u00e9s\nde la educaci\u00f3n, el arte y la cultura, busca desarrollar el m\u00e1ximo potencial de\nni\u00f1os y j\u00f3venes para aportar a su futuro y al progreso de la regi\u00f3n.&nbsp;<\/p>\n\n\n\n<p>En\n2012 comienza a realizar concursos escolares de pintura, que desde 2017\nincluyen la escritura. Adem\u00e1s, trabaja junto a distintas fundaciones apoyando\nla labor docente en establecimientos de la regi\u00f3n y llevando capacitaciones,\ncursos y actividades para profesores, alumnos y apoderados.<\/p>\n\n\n\n<p><a href=\"http:\/\/www.fundacionteraike.cl\">www.fundacionteraike.cl<\/a><\/p>\n\n\n\n<p>contacto@fundacionteraike.cl<\/p>\n","protected":false},"excerpt":{"rendered":"<p>Doce cuentos, escritos por estudiantes de 8 a 18 a\u00f1os, y 24 ilustraciones de autores de 5 a 18 a\u00f1os, dan vida al libro \u201cJ\u00f3venes talentos de Magallanes: 500 a\u00f1os&#8230; <a class=\"read-more\" href=\"https:\/\/www.radiopresidenteibanez.cl\/web\/los-500-anos-a-traves-de-los-cuentos-e-ilustraciones-de-escolares-de-magallanes-2\/\">Leer m\u00e1s<\/a><\/p>\n","protected":false},"author":2,"featured_media":16244,"comment_status":"closed","ping_status":"closed","sticky":false,"template":"","format":"standard","meta":{"footnotes":""},"categories":[1],"tags":[],"class_list":["post-16243","post","type-post","status-publish","format-standard","has-post-thumbnail","hentry","category-cronica"],"_links":{"self":[{"href":"https:\/\/www.radiopresidenteibanez.cl\/web\/wp-json\/wp\/v2\/posts\/16243","targetHints":{"allow":["GET"]}}],"collection":[{"href":"https:\/\/www.radiopresidenteibanez.cl\/web\/wp-json\/wp\/v2\/posts"}],"about":[{"href":"https:\/\/www.radiopresidenteibanez.cl\/web\/wp-json\/wp\/v2\/types\/post"}],"author":[{"embeddable":true,"href":"https:\/\/www.radiopresidenteibanez.cl\/web\/wp-json\/wp\/v2\/users\/2"}],"replies":[{"embeddable":true,"href":"https:\/\/www.radiopresidenteibanez.cl\/web\/wp-json\/wp\/v2\/comments?post=16243"}],"version-history":[{"count":0,"href":"https:\/\/www.radiopresidenteibanez.cl\/web\/wp-json\/wp\/v2\/posts\/16243\/revisions"}],"wp:featuredmedia":[{"embeddable":true,"href":"https:\/\/www.radiopresidenteibanez.cl\/web\/wp-json\/wp\/v2\/media\/16244"}],"wp:attachment":[{"href":"https:\/\/www.radiopresidenteibanez.cl\/web\/wp-json\/wp\/v2\/media?parent=16243"}],"wp:term":[{"taxonomy":"category","embeddable":true,"href":"https:\/\/www.radiopresidenteibanez.cl\/web\/wp-json\/wp\/v2\/categories?post=16243"},{"taxonomy":"post_tag","embeddable":true,"href":"https:\/\/www.radiopresidenteibanez.cl\/web\/wp-json\/wp\/v2\/tags?post=16243"}],"curies":[{"name":"wp","href":"https:\/\/api.w.org\/{rel}","templated":true}]}}