{"id":16240,"date":"2020-11-20T14:39:00","date_gmt":"2020-11-20T14:39:00","guid":{"rendered":"https:\/\/www.radiopresidenteibanez.cl\/web\/?p=16240"},"modified":"2020-11-20T14:39:08","modified_gmt":"2020-11-20T14:39:08","slug":"gobernador-homero-villegas-renuncio-a-su-cargo-y-cercanos-indican-que-iria-de-candidato-al-parlamento","status":"publish","type":"post","link":"https:\/\/www.radiopresidenteibanez.cl\/web\/gobernador-homero-villegas-renuncio-a-su-cargo-y-cercanos-indican-que-iria-de-candidato-al-parlamento\/","title":{"rendered":"GOBERNADOR HOMERO VILLEGAS RENUNCI\u00d3 A SU CARGO Y CERCANOS INDICAN QUE IR\u00cdA DE CANDIDATO AL PARLAMENTO"},"content":{"rendered":"\n<p>\u201caprovecho\nla instancia para agradecerle profundamente por haber confiado en mi y permitirme\ncolaborar con nuestro gobierno en este periodo\u201d, indic\u00f3 a trav\u00e9s de una carta\nde renuncia el ahora ex Gobernador de la Provincia de Magallanes al presidente\nSebasti\u00e1n Pi\u00f1era, quien dej\u00f3 su cargo como la ley estipula si estima presentarse\na una candidatura de votaci\u00f3n popular.<\/p>\n\n\n\n<p>Cercanos al\notrora Gobernador, indican que Villegas se presentar\u00eda como candidato a diputado\npor Renovaci\u00f3n Nacional en Magallanes, algo que a\u00fan no es aclarado por el\naludido ni el partido.<\/p>\n\n\n\n<p>Cabe recordar, que el militante RN no tuvo un dulce paso por la Gobernaci\u00f3n luego de reemplazar a Nicol\u00e1s Cogler, ya que Villegas fue criticado por algunas acciones que tomar\u00e1 en el cargo y la \u201cdesaparici\u00f3n\u201d en momentos claves.<\/p>\n\n\n\n<p>CHH\/ES.<\/p>\n","protected":false},"excerpt":{"rendered":"<p>\u201caprovecho la instancia para agradecerle profundamente por haber confiado en mi y permitirme colaborar con nuestro gobierno en este periodo\u201d, indic\u00f3 a trav\u00e9s de una carta de renuncia el ahora&#8230; <a class=\"read-more\" href=\"https:\/\/www.radiopresidenteibanez.cl\/web\/gobernador-homero-villegas-renuncio-a-su-cargo-y-cercanos-indican-que-iria-de-candidato-al-parlamento\/\">Leer m\u00e1s<\/a><\/p>\n","protected":false},"author":2,"featured_media":1953,"comment_status":"closed","ping_status":"closed","sticky":false,"template":"","format":"standard","meta":{"footnotes":""},"categories":[1],"tags":[],"class_list":["post-16240","post","type-post","status-publish","format-standard","has-post-thumbnail","hentry","category-cronica"],"_links":{"self":[{"href":"https:\/\/www.radiopresidenteibanez.cl\/web\/wp-json\/wp\/v2\/posts\/16240","targetHints":{"allow":["GET"]}}],"collection":[{"href":"https:\/\/www.radiopresidenteibanez.cl\/web\/wp-json\/wp\/v2\/posts"}],"about":[{"href":"https:\/\/www.radiopresidenteibanez.cl\/web\/wp-json\/wp\/v2\/types\/post"}],"author":[{"embeddable":true,"href":"https:\/\/www.radiopresidenteibanez.cl\/web\/wp-json\/wp\/v2\/users\/2"}],"replies":[{"embeddable":true,"href":"https:\/\/www.radiopresidenteibanez.cl\/web\/wp-json\/wp\/v2\/comments?post=16240"}],"version-history":[{"count":0,"href":"https:\/\/www.radiopresidenteibanez.cl\/web\/wp-json\/wp\/v2\/posts\/16240\/revisions"}],"wp:featuredmedia":[{"embeddable":true,"href":"https:\/\/www.radiopresidenteibanez.cl\/web\/wp-json\/wp\/v2\/media\/1953"}],"wp:attachment":[{"href":"https:\/\/www.radiopresidenteibanez.cl\/web\/wp-json\/wp\/v2\/media?parent=16240"}],"wp:term":[{"taxonomy":"category","embeddable":true,"href":"https:\/\/www.radiopresidenteibanez.cl\/web\/wp-json\/wp\/v2\/categories?post=16240"},{"taxonomy":"post_tag","embeddable":true,"href":"https:\/\/www.radiopresidenteibanez.cl\/web\/wp-json\/wp\/v2\/tags?post=16240"}],"curies":[{"name":"wp","href":"https:\/\/api.w.org\/{rel}","templated":true}]}}