{"id":16237,"date":"2020-11-21T02:45:00","date_gmt":"2020-11-21T02:45:00","guid":{"rendered":"https:\/\/www.radiopresidenteibanez.cl\/web\/?p=16237"},"modified":"2020-11-20T14:23:36","modified_gmt":"2020-11-20T14:23:36","slug":"cerveceria-austral-concreta-donacion-de-agua-y-bebidas-de-rehidratacion-a-personal-de-salud","status":"publish","type":"post","link":"https:\/\/www.radiopresidenteibanez.cl\/web\/cerveceria-austral-concreta-donacion-de-agua-y-bebidas-de-rehidratacion-a-personal-de-salud\/","title":{"rendered":"CERVECER\u00cdA AUSTRAL CONCRETA DONACI\u00d3N DE AGUA  Y BEBIDAS DE REHIDRATACI\u00d3N A PERSONAL DE SALUD"},"content":{"rendered":"\n<p>Cervecer\u00eda Austral concret\u00f3 la donaci\u00f3n de\nagua y bebidas de rehidrataci\u00f3n para apoyar al personal de salud del Servicio\nde Atenci\u00f3n M\u00e9dico de Urgencias\n(SAMU) de Punta Arenas. <\/p>\n\n\n\n<p>La entrega de los kits de hidrataci\u00f3n -en\ntotal, 1.440 unidades de Cachantun y Gatorade de 500 cc- permitir\u00e1 que los\nfuncionarios del SAMU de Punta Arenas afrontar de mejor manera sus jornadas\nlaborales, en medio de la crisis sanitaria por la que atraviesa el pa\u00eds.<\/p>\n\n\n\n<p>\u201cTenemos un fuerte compromiso con esta regi\u00f3n\ny con esta comuna, de la cual formamos parte hace 124 a\u00f1os. Hoy lo reafirmamos\ncon esta segunda donaci\u00f3n a los trabajadores de la salud de la zona, para\ncuidar a quienes nos cuidan\u201d, dijo el gerente general de Cervecer\u00eda Austral,\nFelipe Covarrubias.<\/p>\n\n\n\n<p>En tanto, el jefe del SAMU de Magallanes\nagradeci\u00f3 la entrega y se\u00f1al\u00f3 que: \u201cA nombre de todo el equipo SAMU Punta\nArenas queremos agradecer este significativo aporte hacia nuestros funcionarios,\nquienes est\u00e1n d\u00eda a d\u00eda luchando contra esta pandemia. Este tipo de donaciones\nson una inyecci\u00f3n de energ\u00eda que nos motiva a seguir realizando nuestro trabajo\ncon todo coraz\u00f3n y vocaci\u00f3n de servicio\u201d.<\/p>\n\n\n\n<p>Desde el inicio de la emergencia sanitaria,\nCervecer\u00eda Austral se plante\u00f3 el objetivo de cuidar de sus trabajadores y\ntrabajadoras, as\u00ed como de las personas con las que se relaciona. Esta donaci\u00f3n\nse suma a las 15.000 mascarillas entregadas a la Cruz Roja para ser\ndistribuidas en los Centros de Salud Familiar y el \u00c1rea Asistencial de la\ncomuna y a la entrega de pan de cebada elaborado a partir de los procesos\nproductivos de la compa\u00f1\u00eda a las comunidades m\u00e1s necesitadas.<\/p>\n","protected":false},"excerpt":{"rendered":"<p>Cervecer\u00eda Austral concret\u00f3 la donaci\u00f3n de agua y bebidas de rehidrataci\u00f3n para apoyar al personal de salud del Servicio de Atenci\u00f3n M\u00e9dico de Urgencias (SAMU) de Punta Arenas. La entrega&#8230; <a class=\"read-more\" href=\"https:\/\/www.radiopresidenteibanez.cl\/web\/cerveceria-austral-concreta-donacion-de-agua-y-bebidas-de-rehidratacion-a-personal-de-salud\/\">Leer m\u00e1s<\/a><\/p>\n","protected":false},"author":2,"featured_media":16238,"comment_status":"closed","ping_status":"closed","sticky":false,"template":"","format":"standard","meta":{"footnotes":""},"categories":[1],"tags":[],"class_list":["post-16237","post","type-post","status-publish","format-standard","has-post-thumbnail","hentry","category-cronica"],"_links":{"self":[{"href":"https:\/\/www.radiopresidenteibanez.cl\/web\/wp-json\/wp\/v2\/posts\/16237","targetHints":{"allow":["GET"]}}],"collection":[{"href":"https:\/\/www.radiopresidenteibanez.cl\/web\/wp-json\/wp\/v2\/posts"}],"about":[{"href":"https:\/\/www.radiopresidenteibanez.cl\/web\/wp-json\/wp\/v2\/types\/post"}],"author":[{"embeddable":true,"href":"https:\/\/www.radiopresidenteibanez.cl\/web\/wp-json\/wp\/v2\/users\/2"}],"replies":[{"embeddable":true,"href":"https:\/\/www.radiopresidenteibanez.cl\/web\/wp-json\/wp\/v2\/comments?post=16237"}],"version-history":[{"count":0,"href":"https:\/\/www.radiopresidenteibanez.cl\/web\/wp-json\/wp\/v2\/posts\/16237\/revisions"}],"wp:featuredmedia":[{"embeddable":true,"href":"https:\/\/www.radiopresidenteibanez.cl\/web\/wp-json\/wp\/v2\/media\/16238"}],"wp:attachment":[{"href":"https:\/\/www.radiopresidenteibanez.cl\/web\/wp-json\/wp\/v2\/media?parent=16237"}],"wp:term":[{"taxonomy":"category","embeddable":true,"href":"https:\/\/www.radiopresidenteibanez.cl\/web\/wp-json\/wp\/v2\/categories?post=16237"},{"taxonomy":"post_tag","embeddable":true,"href":"https:\/\/www.radiopresidenteibanez.cl\/web\/wp-json\/wp\/v2\/tags?post=16237"}],"curies":[{"name":"wp","href":"https:\/\/api.w.org\/{rel}","templated":true}]}}