{"id":16234,"date":"2020-11-21T02:30:00","date_gmt":"2020-11-21T02:30:00","guid":{"rendered":"https:\/\/www.radiopresidenteibanez.cl\/web\/?p=16234"},"modified":"2020-11-20T14:21:58","modified_gmt":"2020-11-20T14:21:58","slug":"peatonalizar-bories-hermosear-el-centro-y-potenciar-calle-ohiggins-son-parte-de-la-propuesta-municipal-para-reactivar-el-comercio","status":"publish","type":"post","link":"https:\/\/www.radiopresidenteibanez.cl\/web\/peatonalizar-bories-hermosear-el-centro-y-potenciar-calle-ohiggins-son-parte-de-la-propuesta-municipal-para-reactivar-el-comercio\/","title":{"rendered":"PEATONALIZAR BORIES, HERMOSEAR EL CENTRO Y POTENCIAR CALLE OHIGGINS, SON PARTE DE LA PROPUESTA MUNICIPAL PARA REACTIVAR EL COMERCIO"},"content":{"rendered":"\n<p>Despu\u00e9s de dos meses de trabajo, la Municipalidad a trav\u00e9s de la Direcci\u00f3n de Obras, present\u00f3 una propuesta para la Revitalizaci\u00f3n Comercial, Tur\u00edstica y Servicios en el Centro de la Ciudad de Punta Arenas, la que pretende comenzar sus labores durante el mes de diciembre.<\/p>\n\n\n\n<p>\u201cQueremos reencontrarnos con el Centro y volver a un Centro que ha sido muy golpeado desde octubre y despu\u00e9s con la Pandemia\u201d, fue lo que plante\u00f3 el alcalde Claudio Radonich al mostrar la iniciativa, agregando que \u201clo que estamos buscando es que la gente vuelva al Centro, y hoy es muy distinto a lo que ten\u00edamos hace un a\u00f1o, por lo que estamos proponiendo algunas alternativas, pero igual dando a conocer las mejoras que haremos por medio de un programa, trabajado hace dos meses junto a la Direcci\u00f3n de Obras Municipales\u201d.<\/p>\n\n\n\n<p>\u201cLa propuesta incluye limpiar los rayados de avenida Col\u00f3n, a trav\u00e9s de un proyecto de mano de obra directa, por medio de un Fondo Regional de Iniciativas Locales (FRIL) presentado por el Municipio, a\u00f1adiendo a ello pintar nuevamente la fachada del edificio municipal ex Johnsons, sumando a lo anterior, la colaboraci\u00f3n de dos empresas para concretar la pintura de fachadas de los peque\u00f1os comercios entre calle Sarmiento y Plaza de Armas, y por cierto, en el mes de diciembre vamos a Peatonalizar Bories, desde Col\u00f3n y hasta la Plaza, con la instalaci\u00f3n de kioscos municipales, para dar un valor agregado al lugar\u201d, detall\u00f3 Radonich.<\/p>\n\n\n\n<p>Por su parte, Alex Saldivia, Director de Obras Municipales, explic\u00f3 que \u201cesta es un propuesta que identifica tres ejes que son de importancia y que permitir\u00edan revitalizar el sector del centro con intervenciones puntuales, y una de ellas ser\u00eda calle Bories, donde har\u00edamos dos acciones para disponer locales complementarios a los ya establecidos y adem\u00e1s arreglar el mobiliario urbano y fachadas, para hermosear la calle\u201d.<\/p>\n\n\n\n<p>Saldivia puntualiz\u00f3 que, \u201ctodo esto se complementa con proyectos de mayor envergadura que fueron elaborados para el mediano y largo plazo, lo que incorpora el soterramiento de los cables en el sector c\u00e9ntrico, y la segunda etapa de reposici\u00f3n y mejoramiento de veredas\u201d.<\/p>\n\n\n\n<p>En ese sentido tanto Radonich como Saldivia, dijeron que tambi\u00e9n calle O\u2019Higgins ser\u00e1 parte de la iniciativa, ya que la idea es poder utilizar las veredas de modo de generar un Boulevard como centro gastron\u00f3mico y potenciar la opci\u00f3n de ocupar el espacio p\u00fablico con este uso.<\/p>\n\n\n\n<p>\u201cDebemos adaptarnos a los nuevos tiempos y por eso queremos peatonalizar Bories, pero con coherencia, por tanto, tambi\u00e9n comenzamos en diciembre con un proyecto vinculado a calle O\u2019Higgins donde se encuentran los restoranes a trav\u00e9s de la SUBDERE, que incluyan cortavientos y as\u00ed puedan tener m\u00e1s opciones de funcionamiento\u201d, argument\u00f3 el jefe comunal.<\/p>\n\n\n\n<p><strong>ESTUDIANTES Y PLAZAS BOLSILLO<\/strong><\/p>\n\n\n\n<p>Otra de las ideas anexas que van en relaci\u00f3n a esta propuesta de reactivaci\u00f3n, dice relaci\u00f3n con las Plazas Bolsillo, las que fueron presentadas por estudiantes de cuarto a\u00f1o medio de la Escuela La Milagrosa, luego de un taller electivo de Dise\u00f1o y Arquitectura en el que surgi\u00f3 la idea para implementar en el centro de la ciudad.<\/p>\n\n\n\n<p>\u201cPensamos en la posibilidad de crear una Plaza de Bolsillo para los espacios de las esquinas de Col\u00f3n Bories y Col\u00f3n Magallanes, a partir de lo que se observa al transitar por este sector, ya que estos espacios necesitan ser reactivados y aprovechados para la comunidad, puesto que hoy es un foco de insalubridad y peligro\u201d, explic\u00f3 B\u00e1rbara Vald\u00e9s, profesora de Dise\u00f1o y Arquitectura de la Escuela La Milagrosa.<\/p>\n\n\n\n<p>El alcalde valor\u00f3 la idea y dijo que \u201choy hemos invitado a la alumnas de la Escuela La Milagrosa, que luego de un electivo de Arquitectura y Dise\u00f1o han presentado esta propuesta &nbsp;de concretar Plazas de Bolsillo, para un lugar como la esquina de Col\u00f3n y Bories, por lo que estamos tratando de aunar esfuerzos comunitarios\u201d.<\/p>\n\n\n\n<p>Las Plazas de Bolsillo tienen estructuras estandarizadas, son promotores de Cultura y Arte, por lo que idealmente, debieran contar con vegetaci\u00f3n y comercio el que generalmente, se concreta con carros de comida o Food Truck, adem\u00e1s de mobiliario acorde al espacio.<\/p>\n","protected":false},"excerpt":{"rendered":"<p>Despu\u00e9s de dos meses de trabajo, la Municipalidad a trav\u00e9s de la Direcci\u00f3n de Obras, present\u00f3 una propuesta para la Revitalizaci\u00f3n Comercial, Tur\u00edstica y Servicios en el Centro de la&#8230; <a class=\"read-more\" href=\"https:\/\/www.radiopresidenteibanez.cl\/web\/peatonalizar-bories-hermosear-el-centro-y-potenciar-calle-ohiggins-son-parte-de-la-propuesta-municipal-para-reactivar-el-comercio\/\">Leer m\u00e1s<\/a><\/p>\n","protected":false},"author":2,"featured_media":16235,"comment_status":"closed","ping_status":"closed","sticky":false,"template":"","format":"standard","meta":{"footnotes":""},"categories":[1],"tags":[],"class_list":["post-16234","post","type-post","status-publish","format-standard","has-post-thumbnail","hentry","category-cronica"],"_links":{"self":[{"href":"https:\/\/www.radiopresidenteibanez.cl\/web\/wp-json\/wp\/v2\/posts\/16234","targetHints":{"allow":["GET"]}}],"collection":[{"href":"https:\/\/www.radiopresidenteibanez.cl\/web\/wp-json\/wp\/v2\/posts"}],"about":[{"href":"https:\/\/www.radiopresidenteibanez.cl\/web\/wp-json\/wp\/v2\/types\/post"}],"author":[{"embeddable":true,"href":"https:\/\/www.radiopresidenteibanez.cl\/web\/wp-json\/wp\/v2\/users\/2"}],"replies":[{"embeddable":true,"href":"https:\/\/www.radiopresidenteibanez.cl\/web\/wp-json\/wp\/v2\/comments?post=16234"}],"version-history":[{"count":0,"href":"https:\/\/www.radiopresidenteibanez.cl\/web\/wp-json\/wp\/v2\/posts\/16234\/revisions"}],"wp:featuredmedia":[{"embeddable":true,"href":"https:\/\/www.radiopresidenteibanez.cl\/web\/wp-json\/wp\/v2\/media\/16235"}],"wp:attachment":[{"href":"https:\/\/www.radiopresidenteibanez.cl\/web\/wp-json\/wp\/v2\/media?parent=16234"}],"wp:term":[{"taxonomy":"category","embeddable":true,"href":"https:\/\/www.radiopresidenteibanez.cl\/web\/wp-json\/wp\/v2\/categories?post=16234"},{"taxonomy":"post_tag","embeddable":true,"href":"https:\/\/www.radiopresidenteibanez.cl\/web\/wp-json\/wp\/v2\/tags?post=16234"}],"curies":[{"name":"wp","href":"https:\/\/api.w.org\/{rel}","templated":true}]}}