{"id":16232,"date":"2020-11-21T02:15:00","date_gmt":"2020-11-21T02:15:00","guid":{"rendered":"https:\/\/www.radiopresidenteibanez.cl\/web\/?p=16232"},"modified":"2020-11-20T14:17:59","modified_gmt":"2020-11-20T14:17:59","slug":"serviu-explica-procesos-de-revision-de-proyectos-colectivos-para-postular-a-subsidios-habitacionales-del-fondo-solidario-de-eleccion-de-vivienda","status":"publish","type":"post","link":"https:\/\/www.radiopresidenteibanez.cl\/web\/serviu-explica-procesos-de-revision-de-proyectos-colectivos-para-postular-a-subsidios-habitacionales-del-fondo-solidario-de-eleccion-de-vivienda\/","title":{"rendered":"SERVIU EXPLICA PROCESOS DE REVISI\u00d3N DE PROYECTOS COLECTIVOS PARA POSTULAR A SUBSIDIOS HABITACIONALES DEL FONDO SOLIDARIO DE ELECCI\u00d3N DE VIVIENDA"},"content":{"rendered":"\n<p>Ante las dudas expresadas por algunas agrupaciones de vivienda de Punta Arenas con respecto al proceso de revisi\u00f3n de sus proyectos habitacionales para ser presentados a un futuro Llamado de Selecci\u00f3n de proyectos, modalidad colectiva, del Fondo Solidario de Elecci\u00f3n de Vivienda DS49, el Servicio de Vivienda y Urbanizaci\u00f3n (Serviu) explica que todo el proceso para postulaci\u00f3n a este subsidio habitacional, se norma en el Decreto Supremo 49\/2011.<\/p>\n\n\n\n<p>En este se establecen los pasos a seguir para que una agrupaci\u00f3n, a trav\u00e9s de una Entidad Patrocinante, pueda postular su proyecto habitacional al Ministerio de Vivienda y Urbanismo, que otorga los subsidios, seg\u00fan disponibilidad presupuestaria establecida en la Ley de Presupuestos de cada a\u00f1o.<\/p>\n\n\n\n<p>El director regional de Serviu Dubalio P\u00e9rez explic\u00f3 que en general todos los a\u00f1os, la Regi\u00f3n cuenta con recursos asignados para financiar aproximadamente 450 subsidios DS49 modalidad colectiva. No obstante, destac\u00f3 que \u201cproducto de la reactivaci\u00f3n econ\u00f3mica que impulsa el Gobierno, recientemente el Ministerio asign\u00f3 636 subsidios adicionales para financiar proyectos habitacionales que benefician a familias de agrupaciones de Punta Arenas y Natales\u201d.<\/p>\n\n\n\n<p>Dubalio P\u00e9rez explic\u00f3 que, para iniciar un proceso de postulaci\u00f3n, la Entidad Patrocinante que recibe a la agrupaci\u00f3n, debe presentar un proyecto habitacional, que contiene aspectos t\u00e9cnicos, jur\u00eddicos, sociales y econ\u00f3micos, a Serviu, que tiene 30 d\u00edas h\u00e1biles para esta revisi\u00f3n. \u201cHabitualmente, el Minvu realiza tres Llamados a postulaci\u00f3n de proyectos colectivos durante el a\u00f1o. Aunque las Entidades Patrocinantes pueden presentar proyectos a revisi\u00f3n en cualquier momento y si son aprobados, quedan habilitados en un Banco de Proyectos, a la espera del pr\u00f3ximo Llamado. Si el proyecto es rechazado, la Entidad Patrocinante debe subsanar las observaciones para ingresarlo nuevamente a revisi\u00f3n\u201d, precis\u00f3.<\/p>\n\n\n\n<p>Agreg\u00f3 que actualmente en el Banco de Proyectos, se encuentran proyectos sin seleccionar, de cierres anteriores. \u201cDurante el presente a\u00f1o ha existido una alta demanda de Entidades Patrocinantes que han presentado proyectos y al ser un proceso de prelaci\u00f3n que lleva adelante el Ministerio, hay proyectos que son seleccionados y otros que quedan a la espera de financiamiento\u201d, se\u00f1al\u00f3.<\/p>\n\n\n\n<p>El director de Serviu se refiri\u00f3 tambi\u00e9n al cofinanciamiento que otorga el Consejo Regional de Magallanes a proyectos habitacionales, \u201cson materias definidas en el Convenio de Programaci\u00f3n Minvu Gore y que un eventual aporte del Gobierno Regional, es independiente de la revisi\u00f3n t\u00e9cnica, social, jur\u00eddica y administrativa de cada proyecto. Justamente el d\u00eda de ayer participamos en la Comisi\u00f3n de Infraestructura del Core para entregar antecedentes, ante la opci\u00f3n de que dicho cuerpo colegiado opte, en su momento, por aportar financiamiento para los proyectos en cuesti\u00f3n\u201d.<\/p>\n\n\n\n<p>Situaci\u00f3n actual<\/p>\n\n\n\n<p>Respecto al caso particular de las agrupaciones que est\u00e1n demandando atenci\u00f3n, el director regional de Serviu aclar\u00f3 que \u201cla Entidad Patrocinante Ebco, ingres\u00f3 los proyectos a Serviu, para su revisi\u00f3n, el 30 de octubre. Por consiguiente, quiero dejar claro que no aceptar\u00e9 presiones para apurar, ni para que los equipos se salten procesos administrativos normados, para la revisi\u00f3n de ning\u00fan proyecto habitacional\u201d.<\/p>\n\n\n\n<p>Adem\u00e1s, \u201cdesde que asum\u00ed mis sus funciones como director regional de Serviu, siempre he estado disponible para reunirme con las agrupaciones o personas que me lo solicitan, por los canales formales. Lo que s\u00ed, algo que tenemos que recordar cada cierto tiempo, es que las comunicaciones y las reuniones con las agrupaciones de vivienda, se realizan con las directivas y los dirigentes establecidos en la personalidad jur\u00eddica de cada una, quienes deben ser parte del grupo que postula al subsidio, estas no requieren representantes ni asesores, porque para llevar adelante todos sus procesos administrativos con Serviu, est\u00e1n las Entidades Patrocinantes\u201d.<\/p>\n\n\n\n<p>Puntualiz\u00f3 que, en este caso, ya comprometi\u00f3 fecha y hora para reunirse con los dirigentes de las agrupaciones que demandan aclarar los procesos, pero fue enf\u00e1tico en solicitarles que sea por la v\u00eda formal que para reuniones es la Ley del Lobby.<\/p>\n","protected":false},"excerpt":{"rendered":"<p>Ante las dudas expresadas por algunas agrupaciones de vivienda de Punta Arenas con respecto al proceso de revisi\u00f3n de sus proyectos habitacionales para ser presentados a un futuro Llamado de&#8230; <a class=\"read-more\" href=\"https:\/\/www.radiopresidenteibanez.cl\/web\/serviu-explica-procesos-de-revision-de-proyectos-colectivos-para-postular-a-subsidios-habitacionales-del-fondo-solidario-de-eleccion-de-vivienda\/\">Leer m\u00e1s<\/a><\/p>\n","protected":false},"author":2,"featured_media":740,"comment_status":"closed","ping_status":"closed","sticky":false,"template":"","format":"standard","meta":{"footnotes":""},"categories":[1],"tags":[],"class_list":["post-16232","post","type-post","status-publish","format-standard","has-post-thumbnail","hentry","category-cronica"],"_links":{"self":[{"href":"https:\/\/www.radiopresidenteibanez.cl\/web\/wp-json\/wp\/v2\/posts\/16232","targetHints":{"allow":["GET"]}}],"collection":[{"href":"https:\/\/www.radiopresidenteibanez.cl\/web\/wp-json\/wp\/v2\/posts"}],"about":[{"href":"https:\/\/www.radiopresidenteibanez.cl\/web\/wp-json\/wp\/v2\/types\/post"}],"author":[{"embeddable":true,"href":"https:\/\/www.radiopresidenteibanez.cl\/web\/wp-json\/wp\/v2\/users\/2"}],"replies":[{"embeddable":true,"href":"https:\/\/www.radiopresidenteibanez.cl\/web\/wp-json\/wp\/v2\/comments?post=16232"}],"version-history":[{"count":0,"href":"https:\/\/www.radiopresidenteibanez.cl\/web\/wp-json\/wp\/v2\/posts\/16232\/revisions"}],"wp:featuredmedia":[{"embeddable":true,"href":"https:\/\/www.radiopresidenteibanez.cl\/web\/wp-json\/wp\/v2\/media\/740"}],"wp:attachment":[{"href":"https:\/\/www.radiopresidenteibanez.cl\/web\/wp-json\/wp\/v2\/media?parent=16232"}],"wp:term":[{"taxonomy":"category","embeddable":true,"href":"https:\/\/www.radiopresidenteibanez.cl\/web\/wp-json\/wp\/v2\/categories?post=16232"},{"taxonomy":"post_tag","embeddable":true,"href":"https:\/\/www.radiopresidenteibanez.cl\/web\/wp-json\/wp\/v2\/tags?post=16232"}],"curies":[{"name":"wp","href":"https:\/\/api.w.org\/{rel}","templated":true}]}}