{"id":16225,"date":"2020-11-20T14:04:39","date_gmt":"2020-11-20T14:04:39","guid":{"rendered":"https:\/\/www.radiopresidenteibanez.cl\/web\/?p=16225"},"modified":"2020-11-20T14:04:44","modified_gmt":"2020-11-20T14:04:44","slug":"diputado-bianchi-lo-logro-aprobado-presupuesto-para-implementar-una-politica-publica-para-la-vitamina-d","status":"publish","type":"post","link":"https:\/\/www.radiopresidenteibanez.cl\/web\/diputado-bianchi-lo-logro-aprobado-presupuesto-para-implementar-una-politica-publica-para-la-vitamina-d\/","title":{"rendered":"DIPUTADO BIANCHI LO LOGR\u00d3: APROBADO PRESUPUESTO PARA IMPLEMENTAR UNA POL\u00cdTICA P\u00daBLICA PARA LA VITAMINA D"},"content":{"rendered":"\n<p>\u201cHemos\nvenido trabajando en lograr una pol\u00edtica p\u00fablica para sustituir el d\u00e9ficit de\nvitamina D en los chilenos, sobre todo en los magall\u00e1nicos por la falta de luz\nsolar. Cumplimos nuestro compromiso y ya es una realidad, contamos con el\npresupuesto para lograrlo\u201d, se\u00f1al\u00f3 el parlamentario.<\/p>\n\n\n\n<p>La\nC\u00e1mara de Diputados aprob\u00f3 el presupuesto 2021 para la iniciativa del diputado\nindependiente, que consiste en el estudio del nivel de vitamina D en las\npersonas y la implementaci\u00f3n de una pol\u00edtica p\u00fablica para sustituir la falta de\nesta, ya que el este d\u00e9ficit trae consigo problemas a la salud.<\/p>\n\n\n\n<p>El\ndiputado independiente ha trabajado en esta problem\u00e1tica desde hace un tiempo,\nenfoc\u00e1ndose puntualmente en Magallanes, ya que los habitantes de esta regi\u00f3n se\nviven una situaci\u00f3n particular producto de la relaci\u00f3n de la poca luz solar y\nla falta de este nutriente.<\/p>\n\n\n\n<p>Es\nimportante destacar que esta vitamina cumple una labor fundamental como\nhormona, ya que ayuda al organismo a absorber el calcio y el f\u00f3sforo que se deposita\nen los huesos.<\/p>\n\n\n\n<p>El cuerpo produce\nla&nbsp;vitamina D&nbsp;cuando la piel se expone directamente al sol y son muy\npocos los alimentos que la contienen&nbsp;de manera natural. Adem\u00e1s, la falta\nde este nutriente tiene\ndirecta relaci\u00f3n con los \u00edndices de depresi\u00f3n en lugares donde hay pocas horas\nde luz.<\/p>\n","protected":false},"excerpt":{"rendered":"<p>\u201cHemos venido trabajando en lograr una pol\u00edtica p\u00fablica para sustituir el d\u00e9ficit de vitamina D en los chilenos, sobre todo en los magall\u00e1nicos por la falta de luz solar. Cumplimos&#8230; <a class=\"read-more\" href=\"https:\/\/www.radiopresidenteibanez.cl\/web\/diputado-bianchi-lo-logro-aprobado-presupuesto-para-implementar-una-politica-publica-para-la-vitamina-d\/\">Leer m\u00e1s<\/a><\/p>\n","protected":false},"author":2,"featured_media":16226,"comment_status":"closed","ping_status":"closed","sticky":false,"template":"","format":"standard","meta":{"footnotes":""},"categories":[1],"tags":[],"class_list":["post-16225","post","type-post","status-publish","format-standard","has-post-thumbnail","hentry","category-cronica"],"_links":{"self":[{"href":"https:\/\/www.radiopresidenteibanez.cl\/web\/wp-json\/wp\/v2\/posts\/16225","targetHints":{"allow":["GET"]}}],"collection":[{"href":"https:\/\/www.radiopresidenteibanez.cl\/web\/wp-json\/wp\/v2\/posts"}],"about":[{"href":"https:\/\/www.radiopresidenteibanez.cl\/web\/wp-json\/wp\/v2\/types\/post"}],"author":[{"embeddable":true,"href":"https:\/\/www.radiopresidenteibanez.cl\/web\/wp-json\/wp\/v2\/users\/2"}],"replies":[{"embeddable":true,"href":"https:\/\/www.radiopresidenteibanez.cl\/web\/wp-json\/wp\/v2\/comments?post=16225"}],"version-history":[{"count":0,"href":"https:\/\/www.radiopresidenteibanez.cl\/web\/wp-json\/wp\/v2\/posts\/16225\/revisions"}],"wp:featuredmedia":[{"embeddable":true,"href":"https:\/\/www.radiopresidenteibanez.cl\/web\/wp-json\/wp\/v2\/media\/16226"}],"wp:attachment":[{"href":"https:\/\/www.radiopresidenteibanez.cl\/web\/wp-json\/wp\/v2\/media?parent=16225"}],"wp:term":[{"taxonomy":"category","embeddable":true,"href":"https:\/\/www.radiopresidenteibanez.cl\/web\/wp-json\/wp\/v2\/categories?post=16225"},{"taxonomy":"post_tag","embeddable":true,"href":"https:\/\/www.radiopresidenteibanez.cl\/web\/wp-json\/wp\/v2\/tags?post=16225"}],"curies":[{"name":"wp","href":"https:\/\/api.w.org\/{rel}","templated":true}]}}