{"id":16219,"date":"2020-11-20T14:00:21","date_gmt":"2020-11-20T14:00:21","guid":{"rendered":"https:\/\/www.radiopresidenteibanez.cl\/web\/?p=16219"},"modified":"2020-11-20T14:00:27","modified_gmt":"2020-11-20T14:00:27","slug":"lanzan-fondo-para-apoyar-a-agrupaciones-sociales-a-combatir-efectos-de-la-pandemia","status":"publish","type":"post","link":"https:\/\/www.radiopresidenteibanez.cl\/web\/lanzan-fondo-para-apoyar-a-agrupaciones-sociales-a-combatir-efectos-de-la-pandemia\/","title":{"rendered":"LANZAN FONDO PARA APOYAR A AGRUPACIONES SOCIALES A COMBATIR EFECTOS DE LA PANDEMIA"},"content":{"rendered":"\n<p>Frente a una veintena de organizaciones sociales de la\nregi\u00f3n, mediante una reuni\u00f3n virtual, la intendenta regional, Jenniffer Rojas,\njunto al director regional del Fondo de Solidaridad e Inversi\u00f3n Social, FOSIS,\nHern\u00e1n Soto, compartieron los objetivos del fondo \u201cOrganizaciones en acci\u00f3n\u201d, focalizado\nen organizaciones sociales de base, como juntas de vecinos, centros de madres,\nclubes deportivos, entre otros, con un foco especial en iniciativas que ayuden\na mitigar los efectos de la pandemia en necesidades de alimentaci\u00f3n e higiene.<\/p>\n\n\n\n<p>\u201cA trav\u00e9s del FOSIS, invitamos a\ntodas las organizaciones sociales a postular al programa \u201cOrganizaciones en\nacci\u00f3n\u201d. Las postulaciones ya est\u00e1n disponibles a trav\u00e9s de la p\u00e1gina www.fosis.gob.cl,\ndonde podr\u00e1n obtener recursos de hasta 2 millones de pesos para poder financiar\nsus propias actividades. Sabemos que las organizaciones sociales han cumplido un\nrol muy importante dentro de esta pandemia entregando ayudas a nuestros adultos\nmayores, a las personas con mayor necesidad, as\u00ed que los invitamos a postular\npara poder cooperar, nosotros, con esa gran labor que ustedes realizan\u201d, se\u00f1al\u00f3\nla intendenta regional, Jenniffer Rojas.<\/p>\n\n\n\n<p>Para postular deben ser organizaciones de base sin fines\nde lucro, preferentemente funcionales y territoriales seg\u00fan la Ley 19.418, con\nvigencia a diciembre del a\u00f1o 2019. Los recursos que entrega el programa, que\nadem\u00e1s incluye acompa\u00f1amiento profesional para la implementaci\u00f3n, pueden ser\nutilizados en insumos de primera necesidad, art\u00edculos de higiene, medicamentos,\nequipamiento de cocina, audiovisual, entre otros. <\/p>\n\n\n\n<p>La Secretaria Regional de Ministerial de Desarrollo\nSocial y Familia, Liz Casanueva, explic\u00f3 que \u201cel objetivo es poder entregar un\ntotal de 5 mil 400 millones de pesos, en diferentes procesos de postulaci\u00f3n,\ncomo una forma de mitigar los efectos socioecon\u00f3micos de la pandemia. Hoy, las\njuntas de vecinos, que integran la red de organizaciones comunitarias, se\nconvierten en entidades relevantes para el generar el nexo entre la ciudadan\u00eda\ny los servicios del Estado, correspondi\u00e9ndoles seg\u00fan la ley promover el\ndesarrollo de la comunidad, defender los intereses, velar por los derechos de\nlos vecinos y colaborar con las autoridades del Estado y de las\nmunicipalidades\u201d.<\/p>\n\n\n\n<p>Finalmente, el director regional del FOSIS, Hern\u00e1n Soto,\ninvit\u00f3 a las organizaciones a informarse y postular en la web del servicio: www.fosis.gob.cl; hasta el 30 de noviembre.<\/p>\n\n\n\n<p>Cabe destacar que esta iniciativa surge en el contexto\ndel nuevo Acuerdo de Protecci\u00f3n Social y Recuperaci\u00f3n de Empleos, anunciado por\nel Presidente Sebasti\u00e1n Pi\u00f1era el d\u00eda 14 de junio, donde se inform\u00f3 la\nasignaci\u00f3n de fondos por U$20 millones para Organizaciones de la Sociedad Civil.<\/p>\n","protected":false},"excerpt":{"rendered":"<p>Frente a una veintena de organizaciones sociales de la regi\u00f3n, mediante una reuni\u00f3n virtual, la intendenta regional, Jenniffer Rojas, junto al director regional del Fondo de Solidaridad e Inversi\u00f3n Social,&#8230; <a class=\"read-more\" href=\"https:\/\/www.radiopresidenteibanez.cl\/web\/lanzan-fondo-para-apoyar-a-agrupaciones-sociales-a-combatir-efectos-de-la-pandemia\/\">Leer m\u00e1s<\/a><\/p>\n","protected":false},"author":2,"featured_media":16220,"comment_status":"closed","ping_status":"closed","sticky":false,"template":"","format":"standard","meta":{"footnotes":""},"categories":[1],"tags":[],"class_list":["post-16219","post","type-post","status-publish","format-standard","has-post-thumbnail","hentry","category-cronica"],"_links":{"self":[{"href":"https:\/\/www.radiopresidenteibanez.cl\/web\/wp-json\/wp\/v2\/posts\/16219","targetHints":{"allow":["GET"]}}],"collection":[{"href":"https:\/\/www.radiopresidenteibanez.cl\/web\/wp-json\/wp\/v2\/posts"}],"about":[{"href":"https:\/\/www.radiopresidenteibanez.cl\/web\/wp-json\/wp\/v2\/types\/post"}],"author":[{"embeddable":true,"href":"https:\/\/www.radiopresidenteibanez.cl\/web\/wp-json\/wp\/v2\/users\/2"}],"replies":[{"embeddable":true,"href":"https:\/\/www.radiopresidenteibanez.cl\/web\/wp-json\/wp\/v2\/comments?post=16219"}],"version-history":[{"count":0,"href":"https:\/\/www.radiopresidenteibanez.cl\/web\/wp-json\/wp\/v2\/posts\/16219\/revisions"}],"wp:featuredmedia":[{"embeddable":true,"href":"https:\/\/www.radiopresidenteibanez.cl\/web\/wp-json\/wp\/v2\/media\/16220"}],"wp:attachment":[{"href":"https:\/\/www.radiopresidenteibanez.cl\/web\/wp-json\/wp\/v2\/media?parent=16219"}],"wp:term":[{"taxonomy":"category","embeddable":true,"href":"https:\/\/www.radiopresidenteibanez.cl\/web\/wp-json\/wp\/v2\/categories?post=16219"},{"taxonomy":"post_tag","embeddable":true,"href":"https:\/\/www.radiopresidenteibanez.cl\/web\/wp-json\/wp\/v2\/tags?post=16219"}],"curies":[{"name":"wp","href":"https:\/\/api.w.org\/{rel}","templated":true}]}}