{"id":16213,"date":"2020-11-20T13:53:23","date_gmt":"2020-11-20T13:53:23","guid":{"rendered":"https:\/\/www.radiopresidenteibanez.cl\/web\/?p=16213"},"modified":"2020-11-20T13:53:28","modified_gmt":"2020-11-20T13:53:28","slug":"diputado-bianchi-logra-presupuesto-para-plan-piloto-fibromialgia","status":"publish","type":"post","link":"https:\/\/www.radiopresidenteibanez.cl\/web\/diputado-bianchi-logra-presupuesto-para-plan-piloto-fibromialgia\/","title":{"rendered":"DIPUTADO BIANCHI LOGRA PRESUPUESTO PARA PLAN PILOTO FIBROMIALGIA"},"content":{"rendered":"\n<p>\u201cFinalmente\nlogramos el presupuesto para este plan piloto en el que hemos estado trabajando\nhace mucho tiempo. El ministerio de Salud ten\u00eda este compromiso y hoy estamos\nmuy contentos de que ya podemos avanzar en una mejor calidad de vida para\nquienes la padecen\u201d, manifest\u00f3 el diputado independiente.<\/p>\n\n\n\n<p>El\nplan piloto, que tiene como objetivo la inclusi\u00f3n de la fibromialgia en el\npr\u00f3ximo decreto AUGE, se realizar\u00e1 en Punta Arenas, Putre y Lautaro, y busca\nentender de mejor manera cu\u00e1nta gente la sufre, qu\u00e9 tratamientos y qu\u00e9\nespecialistas se necesitan.<\/p>\n\n\n\n<p>En las comunas se\u00f1aladas, se\nacoger\u00e1 a las personas que tienen este diagn\u00f3stico para ser evaluadas por\nespecialistas, ver cu\u00e1les son las formas de manifestaci\u00f3n m\u00e1s frecuente y de\nesta manera, ir elaborando un proyecto para que esto est\u00e9 en un pr\u00f3ximo decreto\nAUGE.<\/p>\n\n\n\n<p>\u201cEste es un gran paso no\nsolamente por el hecho de contar con el presupuesto, sino que tambi\u00e9n por\navanzar en la dignidad y calidad de vida que requiere cada una de las personas\nque padece esta enfermedad\u201d, asegur\u00f3 Bianchi.<\/p>\n","protected":false},"excerpt":{"rendered":"<p>\u201cFinalmente logramos el presupuesto para este plan piloto en el que hemos estado trabajando hace mucho tiempo. El ministerio de Salud ten\u00eda este compromiso y hoy estamos muy contentos de&#8230; <a class=\"read-more\" href=\"https:\/\/www.radiopresidenteibanez.cl\/web\/diputado-bianchi-logra-presupuesto-para-plan-piloto-fibromialgia\/\">Leer m\u00e1s<\/a><\/p>\n","protected":false},"author":2,"featured_media":5567,"comment_status":"closed","ping_status":"closed","sticky":false,"template":"","format":"standard","meta":{"footnotes":""},"categories":[1],"tags":[],"class_list":["post-16213","post","type-post","status-publish","format-standard","has-post-thumbnail","hentry","category-cronica"],"_links":{"self":[{"href":"https:\/\/www.radiopresidenteibanez.cl\/web\/wp-json\/wp\/v2\/posts\/16213","targetHints":{"allow":["GET"]}}],"collection":[{"href":"https:\/\/www.radiopresidenteibanez.cl\/web\/wp-json\/wp\/v2\/posts"}],"about":[{"href":"https:\/\/www.radiopresidenteibanez.cl\/web\/wp-json\/wp\/v2\/types\/post"}],"author":[{"embeddable":true,"href":"https:\/\/www.radiopresidenteibanez.cl\/web\/wp-json\/wp\/v2\/users\/2"}],"replies":[{"embeddable":true,"href":"https:\/\/www.radiopresidenteibanez.cl\/web\/wp-json\/wp\/v2\/comments?post=16213"}],"version-history":[{"count":0,"href":"https:\/\/www.radiopresidenteibanez.cl\/web\/wp-json\/wp\/v2\/posts\/16213\/revisions"}],"wp:featuredmedia":[{"embeddable":true,"href":"https:\/\/www.radiopresidenteibanez.cl\/web\/wp-json\/wp\/v2\/media\/5567"}],"wp:attachment":[{"href":"https:\/\/www.radiopresidenteibanez.cl\/web\/wp-json\/wp\/v2\/media?parent=16213"}],"wp:term":[{"taxonomy":"category","embeddable":true,"href":"https:\/\/www.radiopresidenteibanez.cl\/web\/wp-json\/wp\/v2\/categories?post=16213"},{"taxonomy":"post_tag","embeddable":true,"href":"https:\/\/www.radiopresidenteibanez.cl\/web\/wp-json\/wp\/v2\/tags?post=16213"}],"curies":[{"name":"wp","href":"https:\/\/api.w.org\/{rel}","templated":true}]}}