{"id":16206,"date":"2020-11-19T18:58:07","date_gmt":"2020-11-19T18:58:07","guid":{"rendered":"https:\/\/www.radiopresidenteibanez.cl\/web\/?p=16206"},"modified":"2020-11-19T18:58:12","modified_gmt":"2020-11-19T18:58:12","slug":"consejero-regional-de-ultima-esperanza-tolentino-soto-rechaza-tajantemente-dichos-del-consejero-miguel-sierpe","status":"publish","type":"post","link":"https:\/\/www.radiopresidenteibanez.cl\/web\/consejero-regional-de-ultima-esperanza-tolentino-soto-rechaza-tajantemente-dichos-del-consejero-miguel-sierpe\/","title":{"rendered":"CONSEJERO REGIONAL DE \u00daLTIMA ESPERANZA TOLENTINO SOTO RECHAZA TAJANTEMENTE DICHOS DEL CONSEJERO MIGUEL SIERPE"},"content":{"rendered":"\n<p>El consejero de la provincia\n\u00daltima Esperanza, Tolentino Soto, hizo presente su rechazo a los dichos del\nconsejero, Miguel Sierpe, en el marco del trabajo de la comisi\u00f3n Turismo del\nConsejo Regional efectuada este mi\u00e9rcoles, encontr\u00e1ndolos ofensivos respecto a\ntrece gremios que representan a la comunidad natalina.<\/p>\n\n\n\n<p>\u201cEn un momento tan dif\u00edcil en\nque toda la regi\u00f3n es v\u00edctima de una pandemia que ha tra\u00eddo consecuencias\nirreparables tanto para la salud como para el sector socioecon\u00f3mico y cuando\nlos gremios del turismo de Puerto Natales expon\u00edan su situaci\u00f3n ante la comisi\u00f3n\nse dieron a conocer improperios que no corresponden a la altura de un consejero\nregional.<\/p>\n\n\n\n<p>Como consejero de la provincia\n\u00daltima Esperanza, rechazo categ\u00f3ricamente los dichos que se emitieron,\nimproperios que ofenden a toda la comunidad natalina. Espero que este sea un\nhecho aislado y que no empa\u00f1e la honorabilidad del Consejo Regional. &nbsp;Estos dichos fueron emitidos por un consejero pero\nno representan el sentir del Consejo.<\/p>\n\n\n\n<p>Pido las disculpas en nombre\nde los consejeros de la provincia \u00daltima Esperanza y &nbsp;reafirmo mi compromiso para seguir luchando y contribuir\na enfrentar de mejor forma la dif\u00edcil situaci\u00f3n que vive la comunidad de Puerto\nNatales\u201d, afirm\u00f3 el consejero Tolentino Soto. <\/p>\n","protected":false},"excerpt":{"rendered":"<p>El consejero de la provincia \u00daltima Esperanza, Tolentino Soto, hizo presente su rechazo a los dichos del consejero, Miguel Sierpe, en el marco del trabajo de la comisi\u00f3n Turismo del&#8230; <a class=\"read-more\" href=\"https:\/\/www.radiopresidenteibanez.cl\/web\/consejero-regional-de-ultima-esperanza-tolentino-soto-rechaza-tajantemente-dichos-del-consejero-miguel-sierpe\/\">Leer m\u00e1s<\/a><\/p>\n","protected":false},"author":2,"featured_media":16207,"comment_status":"closed","ping_status":"closed","sticky":false,"template":"","format":"standard","meta":{"footnotes":""},"categories":[1],"tags":[],"class_list":["post-16206","post","type-post","status-publish","format-standard","has-post-thumbnail","hentry","category-cronica"],"_links":{"self":[{"href":"https:\/\/www.radiopresidenteibanez.cl\/web\/wp-json\/wp\/v2\/posts\/16206","targetHints":{"allow":["GET"]}}],"collection":[{"href":"https:\/\/www.radiopresidenteibanez.cl\/web\/wp-json\/wp\/v2\/posts"}],"about":[{"href":"https:\/\/www.radiopresidenteibanez.cl\/web\/wp-json\/wp\/v2\/types\/post"}],"author":[{"embeddable":true,"href":"https:\/\/www.radiopresidenteibanez.cl\/web\/wp-json\/wp\/v2\/users\/2"}],"replies":[{"embeddable":true,"href":"https:\/\/www.radiopresidenteibanez.cl\/web\/wp-json\/wp\/v2\/comments?post=16206"}],"version-history":[{"count":0,"href":"https:\/\/www.radiopresidenteibanez.cl\/web\/wp-json\/wp\/v2\/posts\/16206\/revisions"}],"wp:featuredmedia":[{"embeddable":true,"href":"https:\/\/www.radiopresidenteibanez.cl\/web\/wp-json\/wp\/v2\/media\/16207"}],"wp:attachment":[{"href":"https:\/\/www.radiopresidenteibanez.cl\/web\/wp-json\/wp\/v2\/media?parent=16206"}],"wp:term":[{"taxonomy":"category","embeddable":true,"href":"https:\/\/www.radiopresidenteibanez.cl\/web\/wp-json\/wp\/v2\/categories?post=16206"},{"taxonomy":"post_tag","embeddable":true,"href":"https:\/\/www.radiopresidenteibanez.cl\/web\/wp-json\/wp\/v2\/tags?post=16206"}],"curies":[{"name":"wp","href":"https:\/\/api.w.org\/{rel}","templated":true}]}}