{"id":16204,"date":"2020-11-19T18:56:00","date_gmt":"2020-11-19T18:56:00","guid":{"rendered":"https:\/\/www.radiopresidenteibanez.cl\/web\/?p=16204"},"modified":"2020-11-19T18:56:06","modified_gmt":"2020-11-19T18:56:06","slug":"fernando-paredes-y-dichos-de-sierpe-las-palabras-del-consejero-sierpe-llegan-cuando-la-gente-esta-mas-necesitada-y-sufriendo-mucho","status":"publish","type":"post","link":"https:\/\/www.radiopresidenteibanez.cl\/web\/fernando-paredes-y-dichos-de-sierpe-las-palabras-del-consejero-sierpe-llegan-cuando-la-gente-esta-mas-necesitada-y-sufriendo-mucho\/","title":{"rendered":"FERNANDO PAREDES Y DICHOS DE SIERPE: \u201cLAS PALABRAS DEL CONSEJERO SIERPE LLEGAN CUANDO LA GENTE EST\u00c1 M\u00c1S NECESITADA Y SUFRIENDO MUCHO\u201d"},"content":{"rendered":"\n<p>Como desafortunados y fuera de lugar\ncalific\u00f3 el alcade de Natales los dichos del consejero regional Miguel Sierpe, las\npalabras fueron emitidas el d\u00eda mi\u00e9rcoles durante una reuni\u00f3n online junto a\nrepresentantes de todos los gremios del turismo que componen el movimiento\nNecesitamos trabajar. <\/p>\n\n\n\n<p>Frente a la\ngravedad de la situaci\u00f3n y teniendo en consideraci\u00f3n los momentos por los que\nest\u00e1 pasando el turismo de la provincia, Fernando Paredes decidi\u00f3 presentar una\ndeclaraci\u00f3n p\u00fablica para dejar en claro la posici\u00f3n de toda la comunidad\nnatalina frente a estos hechos.<\/p>\n\n\n\n<p>\u201cSon\ndeclaraciones que en alguna medida no guardan una empat\u00eda con la situaci\u00f3n que\nest\u00e1n viviendo miles de natalinos y tambi\u00e9n magall\u00e1nicos a partir de esta\ncrisis sanitaria y econ\u00f3mica\u201d.<\/p>\n\n\n\n<p>&nbsp;Fernando Paredes, se\u00f1al\u00f3 que esto no puede\nentorpecer el trabajo realizado por los dem\u00e1s consejeros, \u201clamento las palabras\ndel consejero regional Miguel Sierpe y quiero decir con bastante franqueza,\nsiento que desde el Consejo Regional en su conjunto siempre hemos recibido\napoyo y eso no puede empa\u00f1ar bajo ning\u00fan punto de vista el trabajo colaborativo\nque ha existido entre el Consejo Regional de Magallanes y la Municipalidad de\nNatales. <\/p>\n\n\n\n<p>La m\u00e1xima\nautoridad comunal,&nbsp; subray\u00f3 que es\nmomento de tener empatia con el sector tur\u00edstico, \u201cbasta de jugar con el\nsentimiento de los natalinos y con un rubro tan importante como el turismo.\nEllos han golpeado muchas puertas y yo esperar\u00eda y hago un llamado al Consejo\nRegional de Magallanes para que nos siga apoyando, pero tambi\u00e9n hago un llamado\nal Gobierno, hay un sector que est\u00e1 clamando con urgencia un apoyo concreto que\nhoy d\u00eda no se ha recibido\u201d.<\/p>\n\n\n\n<p>Finalmente, el\nedil se\u00f1al\u00f3 que espera las disculpas p\u00fablicas del consejero porque todo el\ngremio del turismo est\u00e1 viviendo una crisis nunca antes vista, y estas palabras\nllegan en el peor momento puesto que hay mucha gente que est\u00e1 sufriendo.<\/p>\n","protected":false},"excerpt":{"rendered":"<p>Como desafortunados y fuera de lugar calific\u00f3 el alcade de Natales los dichos del consejero regional Miguel Sierpe, las palabras fueron emitidas el d\u00eda mi\u00e9rcoles durante una reuni\u00f3n online junto&#8230; <a class=\"read-more\" href=\"https:\/\/www.radiopresidenteibanez.cl\/web\/fernando-paredes-y-dichos-de-sierpe-las-palabras-del-consejero-sierpe-llegan-cuando-la-gente-esta-mas-necesitada-y-sufriendo-mucho\/\">Leer m\u00e1s<\/a><\/p>\n","protected":false},"author":2,"featured_media":14301,"comment_status":"closed","ping_status":"closed","sticky":false,"template":"","format":"standard","meta":{"footnotes":""},"categories":[1],"tags":[],"class_list":["post-16204","post","type-post","status-publish","format-standard","has-post-thumbnail","hentry","category-cronica"],"_links":{"self":[{"href":"https:\/\/www.radiopresidenteibanez.cl\/web\/wp-json\/wp\/v2\/posts\/16204","targetHints":{"allow":["GET"]}}],"collection":[{"href":"https:\/\/www.radiopresidenteibanez.cl\/web\/wp-json\/wp\/v2\/posts"}],"about":[{"href":"https:\/\/www.radiopresidenteibanez.cl\/web\/wp-json\/wp\/v2\/types\/post"}],"author":[{"embeddable":true,"href":"https:\/\/www.radiopresidenteibanez.cl\/web\/wp-json\/wp\/v2\/users\/2"}],"replies":[{"embeddable":true,"href":"https:\/\/www.radiopresidenteibanez.cl\/web\/wp-json\/wp\/v2\/comments?post=16204"}],"version-history":[{"count":0,"href":"https:\/\/www.radiopresidenteibanez.cl\/web\/wp-json\/wp\/v2\/posts\/16204\/revisions"}],"wp:featuredmedia":[{"embeddable":true,"href":"https:\/\/www.radiopresidenteibanez.cl\/web\/wp-json\/wp\/v2\/media\/14301"}],"wp:attachment":[{"href":"https:\/\/www.radiopresidenteibanez.cl\/web\/wp-json\/wp\/v2\/media?parent=16204"}],"wp:term":[{"taxonomy":"category","embeddable":true,"href":"https:\/\/www.radiopresidenteibanez.cl\/web\/wp-json\/wp\/v2\/categories?post=16204"},{"taxonomy":"post_tag","embeddable":true,"href":"https:\/\/www.radiopresidenteibanez.cl\/web\/wp-json\/wp\/v2\/tags?post=16204"}],"curies":[{"name":"wp","href":"https:\/\/api.w.org\/{rel}","templated":true}]}}