{"id":16201,"date":"2020-11-19T18:54:43","date_gmt":"2020-11-19T18:54:43","guid":{"rendered":"https:\/\/www.radiopresidenteibanez.cl\/web\/?p=16201"},"modified":"2020-11-19T18:54:48","modified_gmt":"2020-11-19T18:54:48","slug":"expo-inia-2020-se-realizara-en-diciembre-en-formato-digital-y-con-tecnologia-3d","status":"publish","type":"post","link":"https:\/\/www.radiopresidenteibanez.cl\/web\/expo-inia-2020-se-realizara-en-diciembre-en-formato-digital-y-con-tecnologia-3d\/","title":{"rendered":"EXPO INIA 2020 SE REALIZAR\u00c1 EN DICIEMBRE EN  FORMATO DIGITAL Y CON TECNOLOG\u00cdA 3D"},"content":{"rendered":"\n<p>El\nInstituto de Investigaciones Agropecuarias (INIA) anunci\u00f3 la fecha de\nrealizaci\u00f3n de la Expo INIA 2020, el evento m\u00e1s importante de la instituci\u00f3n. Al\nrespecto, la m\u00e1xima autoridad del instituto, Pedro Bustos, expres\u00f3 que \u201ceste\na\u00f1o tendremos nuestra primera exposici\u00f3n en formato virtual, por ello hemos\ncreado una experiencia digital de gran calidad para presentar los proyectos que\nencabezamos en la b\u00fasqueda de respuestas m\u00e1s eficientes y eficaces a las demandas actuales y futuras\ndel sector agroalimentario y de la sociedad\u201d. <\/p>\n\n\n\n<p>En este\nsentido, el director regional de INIA Kampenaike, Francisco Sales, junto con\nextender la invitaci\u00f3n a toda la comunidad de Magallanes a inscribirse en esta\nactividad, indic\u00f3 \u201cse trata de una experiencia inmersiva y 3D, nunca antes\nvista en Chile. Cada participante podr\u00e1 interactuar no s\u00f3lo con las\nexposiciones que hemos preparado para ellos, sino que tambi\u00e9n entre s\u00ed, incluso\npodr\u00e1n compartir tarjetas de presentaci\u00f3n\u201d.<\/p>\n\n\n\n<p>Este\na\u00f1o, el director regional de INIA Kampenaike realizar\u00e1 una presentaci\u00f3n,\nenmarcada en el \u00e1rea de I+D+i de INIA, denominada \u201cAlimentos del Futuro\u201d. La\nexposici\u00f3n, \u201cGanader\u00eda de Precisi\u00f3n: Innovando para la Producci\u00f3n Animal del\nFuturo\u201d, abordar\u00e1 los desaf\u00edos que tiene la ganader\u00eda actual para modernizarse,\npasando de lo an\u00e1logo a lo virtual, a trav\u00e9s del uso de tecnolog\u00edas de la\ninformaci\u00f3n y la comunicaci\u00f3n, para un control m\u00e1s eficiente de su producci\u00f3n.<\/p>\n\n\n\n<p>Expo INIA se\nrealiza desde 2006 y tiene como prop\u00f3sito mostrar al p\u00fablico sectorial y\ngeneral los proyectos y resultados que se generan en el \u00e1mbito de la investigaci\u00f3n,\ndesarrollo, innovaci\u00f3n, transferencia tecnol\u00f3gica y extensi\u00f3n. Debido a la\npandemia, la edici\u00f3n a realizarse este 2020 ser\u00e1 virtual y contar\u00e1 con la\nutilizaci\u00f3n de tecnolog\u00eda 3D, altamente intuitiva, donde cada visitante deber\u00e1\ncrear un avatar para recorrer las instalaciones y participar de todas las\nnovedades que INIA ha preparado para la ocasi\u00f3n. \u201cApostamos por este tipo de\ntecnolog\u00eda porque va de la mano con la esencia de INIA de siempre innovar y\navanzar en el desarrollo de propuestas vanguardistas para el sector. Creemos\nque ser\u00e1 una gran experiencia para los visitantes en cuanto a ferias virtuales,\nsin perder la interacci\u00f3n entre personas que una plataforma como esta nos\npermite implementar\u201d, puntualiz\u00f3 Marta Alfaro, Subdirectora Nacional de I+D+i\nde INIA. <\/p>\n\n\n\n<p><strong>Actividades\n<\/strong><\/p>\n\n\n\n<p>El evento m\u00e1s\nimportante de INIA se realizar\u00e1 los d\u00edas 2, 3 y 4 de diciembre, entre las 9:00\ny las 18:00 horas. Contar\u00e1 con charlas, mesas t\u00e9cnicas y recorridos virtuales\npor los laboratorios, la Red de Bancos de Germoplasma (RBG) y la Lecher\u00eda\nRob\u00f3tica. Adicionalmente, tendr\u00e1 14 stands interactivos con informaci\u00f3n sobre las\ncinco \u00c1reas Nacionales que se encuentran bajo el alero de I+D+i, Grupos de\nEspecialidad y proyectos destacados, junto con los avances institucionales en\nproducci\u00f3n y gesti\u00f3n de la innovaci\u00f3n con la presencia de las unidades de\nGesti\u00f3n de la Innovaci\u00f3n (UGI) y Negocios Tecnol\u00f3gicos. Cada stand tendr\u00e1\nvideos, galer\u00edas de fotos y material t\u00e9cnico (PDF) para los asistentes, quienes\npodr\u00e1n realizar preguntas y consultas a los especialistas de INIA que virtualmente\nestar\u00e1n presentes en cada stand. &nbsp;<\/p>\n\n\n\n<p>Para\nparticipar, los interesados\/as pueden inscribirse <a href=\"https:\/\/docs.google.com\/forms\/d\/e\/1FAIpQLSffR7Otu20m-PU7sOzBIDJTJC6M39Mcg-y3uy186QOlm_g2vA\/viewform\"><strong>AQU\u00cd<\/strong><\/a>, o visitar el portal web: <a href=\"https:\/\/www.inia.cl\/expo-inia-2020\/\">https:\/\/www.inia.cl\/expo-inia-2020\/<\/a> <\/p>\n","protected":false},"excerpt":{"rendered":"<p>El Instituto de Investigaciones Agropecuarias (INIA) anunci\u00f3 la fecha de realizaci\u00f3n de la Expo INIA 2020, el evento m\u00e1s importante de la instituci\u00f3n. Al respecto, la m\u00e1xima autoridad del instituto,&#8230; <a class=\"read-more\" href=\"https:\/\/www.radiopresidenteibanez.cl\/web\/expo-inia-2020-se-realizara-en-diciembre-en-formato-digital-y-con-tecnologia-3d\/\">Leer m\u00e1s<\/a><\/p>\n","protected":false},"author":2,"featured_media":16202,"comment_status":"closed","ping_status":"closed","sticky":false,"template":"","format":"standard","meta":{"footnotes":""},"categories":[1],"tags":[],"class_list":["post-16201","post","type-post","status-publish","format-standard","has-post-thumbnail","hentry","category-cronica"],"_links":{"self":[{"href":"https:\/\/www.radiopresidenteibanez.cl\/web\/wp-json\/wp\/v2\/posts\/16201","targetHints":{"allow":["GET"]}}],"collection":[{"href":"https:\/\/www.radiopresidenteibanez.cl\/web\/wp-json\/wp\/v2\/posts"}],"about":[{"href":"https:\/\/www.radiopresidenteibanez.cl\/web\/wp-json\/wp\/v2\/types\/post"}],"author":[{"embeddable":true,"href":"https:\/\/www.radiopresidenteibanez.cl\/web\/wp-json\/wp\/v2\/users\/2"}],"replies":[{"embeddable":true,"href":"https:\/\/www.radiopresidenteibanez.cl\/web\/wp-json\/wp\/v2\/comments?post=16201"}],"version-history":[{"count":0,"href":"https:\/\/www.radiopresidenteibanez.cl\/web\/wp-json\/wp\/v2\/posts\/16201\/revisions"}],"wp:featuredmedia":[{"embeddable":true,"href":"https:\/\/www.radiopresidenteibanez.cl\/web\/wp-json\/wp\/v2\/media\/16202"}],"wp:attachment":[{"href":"https:\/\/www.radiopresidenteibanez.cl\/web\/wp-json\/wp\/v2\/media?parent=16201"}],"wp:term":[{"taxonomy":"category","embeddable":true,"href":"https:\/\/www.radiopresidenteibanez.cl\/web\/wp-json\/wp\/v2\/categories?post=16201"},{"taxonomy":"post_tag","embeddable":true,"href":"https:\/\/www.radiopresidenteibanez.cl\/web\/wp-json\/wp\/v2\/tags?post=16201"}],"curies":[{"name":"wp","href":"https:\/\/api.w.org\/{rel}","templated":true}]}}