{"id":162,"date":"2018-12-30T13:49:46","date_gmt":"2018-12-30T13:49:46","guid":{"rendered":"http:\/\/www.radiopresidenteibanez.cl\/web\/?p=162"},"modified":"2018-12-30T13:49:55","modified_gmt":"2018-12-30T13:49:55","slug":"diputado-gabriel-boric-se-reune-con-organizaciones-sindicales-en-la-ultima-semana-distrital-del-ano","status":"publish","type":"post","link":"https:\/\/www.radiopresidenteibanez.cl\/web\/diputado-gabriel-boric-se-reune-con-organizaciones-sindicales-en-la-ultima-semana-distrital-del-ano\/","title":{"rendered":"DIPUTADO GABRIEL BORIC SE RE\u00daNE CON ORGANIZACIONES SINDICALES EN LA \u00daLTIMA SEMANA DISTRITAL DEL A\u00d1O"},"content":{"rendered":"\n<p>Esta semana el diputado por Magallanes, Gabriel Boric, en el marco de la \u00faltima semana distrital del 2018 se reuni\u00f3 con distintos actores sociales de la regi\u00f3n.<\/p>\n\n\n\n<p>Estuvo junto a la Confederaci\u00f3n de Salud Municipal, Consufam Punta Arenas, quienes le presentaron al parlamentario una carta que exhibe como puntos principales el c\u00e1lculo de la indexaci\u00f3n por atenci\u00f3n per c\u00e1pita de zonas extremas, la incorporaci\u00f3n&nbsp; a la asignaci\u00f3n de zona con el aumento del 40% que dispone la ley 19.354 de 1994, adem\u00e1s la solicitud de homologaci\u00f3n del c\u00e1lculo de bono de zonas extremas. Esta carta y sus puntos ser\u00e1n presentados el d\u00eda 2 de enero en la Comisi\u00f3n de Zonas Extremas en la C\u00e1mara de Diputados y pidieron al diputado Boric que solicite adem\u00e1s la presencia del Contralor General de la Rep\u00fablica y la directiva de la Confusam en la pr\u00f3xima sesi\u00f3n.<\/p>\n\n\n\n<p>Asimismo Gabriel Boric se reuni\u00f3 con el sindicato de trabajadores de Mina Invierno para reanudar la mesa de trabajo de descarbonizaci\u00f3n con la intendenta Mar\u00eda Teresa Casta\u00f1\u00f3n, tratar la reconversi\u00f3n laboral y conocer la situaci\u00f3n de negociaci\u00f3n colectiva, justo en la semana en que se conoci\u00f3 el resultado del Tribunal Ambiental de Valdivia que dio luz verde al uso de tronaduras por parte de Mina Invierno para la explotaci\u00f3n de carb\u00f3n en Isla Riesco y que organizaciones ambientalistas y comunidades ind\u00edgenas rechazan.<\/p>\n\n\n\n<p>El diputado por Magallanes por este tema indic\u00f3 que \u201cnos reunimos con los trabajadores de Mina Invierno para apoyarlos en su proceso de negociaci\u00f3n colectiva. Fuera de eso, piden una mesa con el Gobierno Regional para comenzar desde ya a preparar reconversi\u00f3n laboral y anticiparse a cuando la mina tenga que terminar faena. Creo que es una mirada muy l\u00facida\u201d.<\/p>\n\n\n\n<p>Tambi\u00e9n se reuni\u00f3 con el sindicato de profesiones de ENAP Magallanes y tratar la dif\u00edcil situaci\u00f3n que se ha anunciado respecto a la reducci\u00f3n del 10% de la planta de trabajadores a nivel nacional, que en la regi\u00f3n podr\u00edan ser alrededor de 120 trabajadores despedidos. Ante esto el parlamentario coment\u00f3 que \u201cestuvimos con sindicato profesionales ENAP para debatir las preocupaciones sobre el futuro de la empresa y el intempestivo e irresponsable anuncio de despidos por parte de la gerencia nacional. Aprovechamos de entregarles nuestra propuesta de cambio de matriz energ\u00e9tica para Magallanes que hemos venido trabajando en conjunto con la sociedad civil y hace un par de meses le presentamos a la ministra de Energ\u00eda para aportar sobre estos temas\u201d, puntualiz\u00f3. Conjuntamente se insistir\u00e1 que a la citaci\u00f3n de la Comisi\u00f3n de Zonas Extremas el d\u00eda 9 de enero, a la cual acudir\u00e1 el sindicato de trabajadores y el sindicato de profesionales, asista el gerente general de ENAP, Andr\u00e9s Roccatagliata y la presidenta del directorio, con el fin que se presente el plan de desarrollo de ENAP y los fundamentos de las desvinculaciones.<\/p>\n\n\n\n<p>Por \u00faltimo, el parlamentario estuvo junto a Karina Martinic, Presidenta del recientemente formado Sindicato de Honorarios de la Universidad de Magallanes para conocer la situaci\u00f3n de los trabajdores luego del paro de la semana pasada, adem\u00e1s de presentar plena disposici\u00f3n a seguir trabajando con el sindicato.\n\n<\/p>\n","protected":false},"excerpt":{"rendered":"<p>Esta semana el diputado por Magallanes, Gabriel Boric, en el marco de la \u00faltima semana distrital del 2018 se reuni\u00f3 con distintos actores sociales de la regi\u00f3n. Estuvo junto a&#8230; <a class=\"read-more\" href=\"https:\/\/www.radiopresidenteibanez.cl\/web\/diputado-gabriel-boric-se-reune-con-organizaciones-sindicales-en-la-ultima-semana-distrital-del-ano\/\">Leer m\u00e1s<\/a><\/p>\n","protected":false},"author":2,"featured_media":163,"comment_status":"closed","ping_status":"closed","sticky":false,"template":"","format":"standard","meta":{"footnotes":""},"categories":[1],"tags":[],"class_list":["post-162","post","type-post","status-publish","format-standard","has-post-thumbnail","hentry","category-cronica"],"_links":{"self":[{"href":"https:\/\/www.radiopresidenteibanez.cl\/web\/wp-json\/wp\/v2\/posts\/162","targetHints":{"allow":["GET"]}}],"collection":[{"href":"https:\/\/www.radiopresidenteibanez.cl\/web\/wp-json\/wp\/v2\/posts"}],"about":[{"href":"https:\/\/www.radiopresidenteibanez.cl\/web\/wp-json\/wp\/v2\/types\/post"}],"author":[{"embeddable":true,"href":"https:\/\/www.radiopresidenteibanez.cl\/web\/wp-json\/wp\/v2\/users\/2"}],"replies":[{"embeddable":true,"href":"https:\/\/www.radiopresidenteibanez.cl\/web\/wp-json\/wp\/v2\/comments?post=162"}],"version-history":[{"count":0,"href":"https:\/\/www.radiopresidenteibanez.cl\/web\/wp-json\/wp\/v2\/posts\/162\/revisions"}],"wp:featuredmedia":[{"embeddable":true,"href":"https:\/\/www.radiopresidenteibanez.cl\/web\/wp-json\/wp\/v2\/media\/163"}],"wp:attachment":[{"href":"https:\/\/www.radiopresidenteibanez.cl\/web\/wp-json\/wp\/v2\/media?parent=162"}],"wp:term":[{"taxonomy":"category","embeddable":true,"href":"https:\/\/www.radiopresidenteibanez.cl\/web\/wp-json\/wp\/v2\/categories?post=162"},{"taxonomy":"post_tag","embeddable":true,"href":"https:\/\/www.radiopresidenteibanez.cl\/web\/wp-json\/wp\/v2\/tags?post=162"}],"curies":[{"name":"wp","href":"https:\/\/api.w.org\/{rel}","templated":true}]}}