{"id":16190,"date":"2020-11-19T18:45:36","date_gmt":"2020-11-19T18:45:36","guid":{"rendered":"https:\/\/www.radiopresidenteibanez.cl\/web\/?p=16190"},"modified":"2020-11-19T18:45:41","modified_gmt":"2020-11-19T18:45:41","slug":"tras-gestiones-encabezadas-por-diputada-amar-camara-baja-aprobo-la-creacion-de-una-mesa-de-negociacion-para-buscar-una-reparacion-a-afectados-de-la-deuda-historica-del-4","status":"publish","type":"post","link":"https:\/\/www.radiopresidenteibanez.cl\/web\/tras-gestiones-encabezadas-por-diputada-amar-camara-baja-aprobo-la-creacion-de-una-mesa-de-negociacion-para-buscar-una-reparacion-a-afectados-de-la-deuda-historica-del-4\/","title":{"rendered":"TRAS GESTIONES ENCABEZADAS POR DIPUTADA AMAR C\u00c1MARA BAJA APROB\u00d3 LA CREACI\u00d3N DE UNA MESA DE NEGOCIACI\u00d3N PARA BUSCAR UNA REPARACI\u00d3N A AFECTADOS DE LA DEUDA HIST\u00d3RICA DEL 4%"},"content":{"rendered":"\n<p>Tras m\u00e1s de 40 a\u00f1os, la C\u00e1mara de Diputados, en el marco de\nla discusi\u00f3n del Presupuesto de la Naci\u00f3n 2021, por una amplia mayor\u00eda asegur\u00f3\nla creaci\u00f3n de una mesa de negociaci\u00f3n para analizar los problemas de la deuda\nhist\u00f3rica del 4%, tras las gestiones encabezadas por la diputada Sandra Amar,\nlo que se traduce en que quede establecida como glosa presupuestaria.<\/p>\n\n\n\n<p>Con la dictaci\u00f3n de la ley 12.855 se estableci\u00f3 hace m\u00e1s de\n40 a\u00f1os, un estatuto a trav\u00e9s del cual se propici\u00f3 un incremento de las\nimposiciones de los ex cotizantes de la ex Caja Empart Provincia de Magallanes,\naplicando un 4% adicional y vincul\u00e1ndolo con las pensiones de antig\u00fcedad o\nvejez de dicha caja adem\u00e1s de residir en la regi\u00f3n al momento de conseguir el\ndescuento.<\/p>\n\n\n\n<p>La diputada Amar, junto con valorar el apoyo entregado por\nun importante grupo de pares de la C\u00e1mara Baja, se\u00f1al\u00f3 que \u201ces un logro\nhist\u00f3rico porque es algo que los ex empleados de la Caja Empart Provincia de\nMagallanes, ven\u00edan luchando, Incluso muchos de ellos fallecieron y no pudieron\nlograr corregir esta injusticia que se estaba llevando adelante con ellos\u201d.<\/p>\n\n\n\n<p>\u201cFueron muchos a\u00f1os donde personas vieron descontadas de sus\npensiones este 4% sin recibir nada a cambio\u201d, precis\u00f3 Amar.<\/p>\n\n\n\n<p>La diputada Sandra Amar a\u00f1adi\u00f3 que \u201clo m\u00e1s importante que\nesta mesa seguir\u00e1 su curso en el marco de la discusi\u00f3n presupuestaria porque\nning\u00fan parlamentario puso objeci\u00f3n alguna para su tramitaci\u00f3n legislativa por\nlo que una vez que terminemos la discusi\u00f3n del Presupuesto 2021, esta mesa se\nformar\u00e1 y comenzaremos a trabajar para lograr que se corrija esta injusticia\nhist\u00f3rica. Y en eso quiero ser enf\u00e1tica, me encargar\u00e9 personalmente que se\ncumpla y se genere esta mesa que, por a\u00f1os, miles de magall\u00e1nicos estaban\nesperando esta soluci\u00f3n\u201d.<\/p>\n","protected":false},"excerpt":{"rendered":"<p>Tras m\u00e1s de 40 a\u00f1os, la C\u00e1mara de Diputados, en el marco de la discusi\u00f3n del Presupuesto de la Naci\u00f3n 2021, por una amplia mayor\u00eda asegur\u00f3 la creaci\u00f3n de una&#8230; <a class=\"read-more\" href=\"https:\/\/www.radiopresidenteibanez.cl\/web\/tras-gestiones-encabezadas-por-diputada-amar-camara-baja-aprobo-la-creacion-de-una-mesa-de-negociacion-para-buscar-una-reparacion-a-afectados-de-la-deuda-historica-del-4\/\">Leer m\u00e1s<\/a><\/p>\n","protected":false},"author":2,"featured_media":12256,"comment_status":"closed","ping_status":"closed","sticky":false,"template":"","format":"standard","meta":{"footnotes":""},"categories":[1],"tags":[],"class_list":["post-16190","post","type-post","status-publish","format-standard","has-post-thumbnail","hentry","category-cronica"],"_links":{"self":[{"href":"https:\/\/www.radiopresidenteibanez.cl\/web\/wp-json\/wp\/v2\/posts\/16190","targetHints":{"allow":["GET"]}}],"collection":[{"href":"https:\/\/www.radiopresidenteibanez.cl\/web\/wp-json\/wp\/v2\/posts"}],"about":[{"href":"https:\/\/www.radiopresidenteibanez.cl\/web\/wp-json\/wp\/v2\/types\/post"}],"author":[{"embeddable":true,"href":"https:\/\/www.radiopresidenteibanez.cl\/web\/wp-json\/wp\/v2\/users\/2"}],"replies":[{"embeddable":true,"href":"https:\/\/www.radiopresidenteibanez.cl\/web\/wp-json\/wp\/v2\/comments?post=16190"}],"version-history":[{"count":0,"href":"https:\/\/www.radiopresidenteibanez.cl\/web\/wp-json\/wp\/v2\/posts\/16190\/revisions"}],"wp:featuredmedia":[{"embeddable":true,"href":"https:\/\/www.radiopresidenteibanez.cl\/web\/wp-json\/wp\/v2\/media\/12256"}],"wp:attachment":[{"href":"https:\/\/www.radiopresidenteibanez.cl\/web\/wp-json\/wp\/v2\/media?parent=16190"}],"wp:term":[{"taxonomy":"category","embeddable":true,"href":"https:\/\/www.radiopresidenteibanez.cl\/web\/wp-json\/wp\/v2\/categories?post=16190"},{"taxonomy":"post_tag","embeddable":true,"href":"https:\/\/www.radiopresidenteibanez.cl\/web\/wp-json\/wp\/v2\/tags?post=16190"}],"curies":[{"name":"wp","href":"https:\/\/api.w.org\/{rel}","templated":true}]}}