{"id":1619,"date":"2019-02-26T01:42:43","date_gmt":"2019-02-26T01:42:43","guid":{"rendered":"http:\/\/www.radiopresidenteibanez.cl\/web\/?p=1619"},"modified":"2019-02-26T01:43:50","modified_gmt":"2019-02-26T01:43:50","slug":"cormupa-este-martes-tendra-reuniones-con-la-empresa-gasco-para-solucionar-deuda-por-casi-150-millones","status":"publish","type":"post","link":"https:\/\/www.radiopresidenteibanez.cl\/web\/cormupa-este-martes-tendra-reuniones-con-la-empresa-gasco-para-solucionar-deuda-por-casi-150-millones\/","title":{"rendered":"CORMUPA ESTE MARTES TENDR\u00c1 REUNIONES CON LA EMPRESA GASCO PARA SOLUCIONAR DEUDA POR CASI $150 MILLONES"},"content":{"rendered":"\n<p>Este lunes los asistentes de la\neducaci\u00f3n, junto a otros funcionarios de los distintos colegios municipales de\nPunta Arenas volvieron a sus funciones, al momento de llegar a sus lugares de\ntrabajos, se encontraban sin calefacci\u00f3n.<\/p>\n\n\n\n<p>Por lo anterior y luego de\nrecabar algunas informaciones, esta situaci\u00f3n se plante\u00f3 en la sesi\u00f3n del\nConcejo Municipal, en donde se mencion\u00f3 por parte de la Cormupa que est\u00e9 d\u00eda\nmartes sostendr\u00edan reuniones con la empresa Gasco, para poder solucionar una\ndeuda que alcanza los 150 millones de pesos, antes de que comience las clases\nel pr\u00f3ximo 5 de marzo.<\/p>\n","protected":false},"excerpt":{"rendered":"<p>Este lunes los asistentes de la educaci\u00f3n, junto a otros funcionarios de los distintos colegios municipales de Punta Arenas volvieron a sus funciones, al momento de llegar a sus lugares&#8230; <a class=\"read-more\" href=\"https:\/\/www.radiopresidenteibanez.cl\/web\/cormupa-este-martes-tendra-reuniones-con-la-empresa-gasco-para-solucionar-deuda-por-casi-150-millones\/\">Leer m\u00e1s<\/a><\/p>\n","protected":false},"author":2,"featured_media":1620,"comment_status":"closed","ping_status":"closed","sticky":false,"template":"","format":"standard","meta":{"footnotes":""},"categories":[1],"tags":[],"class_list":["post-1619","post","type-post","status-publish","format-standard","has-post-thumbnail","hentry","category-cronica"],"_links":{"self":[{"href":"https:\/\/www.radiopresidenteibanez.cl\/web\/wp-json\/wp\/v2\/posts\/1619","targetHints":{"allow":["GET"]}}],"collection":[{"href":"https:\/\/www.radiopresidenteibanez.cl\/web\/wp-json\/wp\/v2\/posts"}],"about":[{"href":"https:\/\/www.radiopresidenteibanez.cl\/web\/wp-json\/wp\/v2\/types\/post"}],"author":[{"embeddable":true,"href":"https:\/\/www.radiopresidenteibanez.cl\/web\/wp-json\/wp\/v2\/users\/2"}],"replies":[{"embeddable":true,"href":"https:\/\/www.radiopresidenteibanez.cl\/web\/wp-json\/wp\/v2\/comments?post=1619"}],"version-history":[{"count":0,"href":"https:\/\/www.radiopresidenteibanez.cl\/web\/wp-json\/wp\/v2\/posts\/1619\/revisions"}],"wp:featuredmedia":[{"embeddable":true,"href":"https:\/\/www.radiopresidenteibanez.cl\/web\/wp-json\/wp\/v2\/media\/1620"}],"wp:attachment":[{"href":"https:\/\/www.radiopresidenteibanez.cl\/web\/wp-json\/wp\/v2\/media?parent=1619"}],"wp:term":[{"taxonomy":"category","embeddable":true,"href":"https:\/\/www.radiopresidenteibanez.cl\/web\/wp-json\/wp\/v2\/categories?post=1619"},{"taxonomy":"post_tag","embeddable":true,"href":"https:\/\/www.radiopresidenteibanez.cl\/web\/wp-json\/wp\/v2\/tags?post=1619"}],"curies":[{"name":"wp","href":"https:\/\/api.w.org\/{rel}","templated":true}]}}