{"id":16187,"date":"2020-11-19T12:59:32","date_gmt":"2020-11-19T12:59:32","guid":{"rendered":"https:\/\/www.radiopresidenteibanez.cl\/web\/?p=16187"},"modified":"2020-11-19T12:59:37","modified_gmt":"2020-11-19T12:59:37","slug":"mario-rozas-deja-de-ser-general-director-de-carabineros","status":"publish","type":"post","link":"https:\/\/www.radiopresidenteibanez.cl\/web\/mario-rozas-deja-de-ser-general-director-de-carabineros\/","title":{"rendered":"MARIO ROZAS DEJA DE SER GENERAL DIRECTOR DE CARABINEROS"},"content":{"rendered":"<p><br>\n<br>\n<!--StartFragment--><\/p>\n\n\n<p>A primera hora de la ma\u00f1ana, se realiz\u00f3 una reuni\u00f3n de emergencia entre el responsable de la polic\u00eda uniformada y el presidente, Sebasti\u00e1n Pi\u00f1era, esto luego de los graves hechos ocurridos durante la tarde de este martes en la residencia Carlos Macera, colaboradora del Sename.<\/p>\n\n\n\n<p>Cabe mencionar que, en la ocasi\u00f3n resultaron dos adolescentes con heridas de bala por la acci\u00f3n de los funcionarios policiales.<\/p>\n\n\n\n<p>En la ocasi\u00f3n, el mandatario nacional indic\u00f3 que \u00abel General Rozas me plante\u00f3 su renuncia con sus motivos, fueron analizados, y lo acept\u00e9\u00bb. En la misma oportunidad, Pi\u00f1era, anunci\u00f3 al nuevo General Director de Carabineros, Ricardo Ya\u00f1ez.<\/p>\n\n\n\n<p><\/p>\n\n\n\n<p>CHH\/ES.<\/p>\n","protected":false},"excerpt":{"rendered":"<p>A primera hora de la ma\u00f1ana, se realiz\u00f3 una reuni\u00f3n de emergencia entre el responsable de la polic\u00eda uniformada y el presidente, Sebasti\u00e1n Pi\u00f1era, esto luego de los graves hechos&#8230; <a class=\"read-more\" href=\"https:\/\/www.radiopresidenteibanez.cl\/web\/mario-rozas-deja-de-ser-general-director-de-carabineros\/\">Leer m\u00e1s<\/a><\/p>\n","protected":false},"author":2,"featured_media":16188,"comment_status":"closed","ping_status":"closed","sticky":false,"template":"","format":"standard","meta":{"footnotes":""},"categories":[1],"tags":[],"class_list":["post-16187","post","type-post","status-publish","format-standard","has-post-thumbnail","hentry","category-cronica"],"_links":{"self":[{"href":"https:\/\/www.radiopresidenteibanez.cl\/web\/wp-json\/wp\/v2\/posts\/16187","targetHints":{"allow":["GET"]}}],"collection":[{"href":"https:\/\/www.radiopresidenteibanez.cl\/web\/wp-json\/wp\/v2\/posts"}],"about":[{"href":"https:\/\/www.radiopresidenteibanez.cl\/web\/wp-json\/wp\/v2\/types\/post"}],"author":[{"embeddable":true,"href":"https:\/\/www.radiopresidenteibanez.cl\/web\/wp-json\/wp\/v2\/users\/2"}],"replies":[{"embeddable":true,"href":"https:\/\/www.radiopresidenteibanez.cl\/web\/wp-json\/wp\/v2\/comments?post=16187"}],"version-history":[{"count":0,"href":"https:\/\/www.radiopresidenteibanez.cl\/web\/wp-json\/wp\/v2\/posts\/16187\/revisions"}],"wp:featuredmedia":[{"embeddable":true,"href":"https:\/\/www.radiopresidenteibanez.cl\/web\/wp-json\/wp\/v2\/media\/16188"}],"wp:attachment":[{"href":"https:\/\/www.radiopresidenteibanez.cl\/web\/wp-json\/wp\/v2\/media?parent=16187"}],"wp:term":[{"taxonomy":"category","embeddable":true,"href":"https:\/\/www.radiopresidenteibanez.cl\/web\/wp-json\/wp\/v2\/categories?post=16187"},{"taxonomy":"post_tag","embeddable":true,"href":"https:\/\/www.radiopresidenteibanez.cl\/web\/wp-json\/wp\/v2\/tags?post=16187"}],"curies":[{"name":"wp","href":"https:\/\/api.w.org\/{rel}","templated":true}]}}