{"id":16185,"date":"2020-11-19T12:47:39","date_gmt":"2020-11-19T12:47:39","guid":{"rendered":"https:\/\/www.radiopresidenteibanez.cl\/web\/?p=16185"},"modified":"2020-11-19T12:47:44","modified_gmt":"2020-11-19T12:47:44","slug":"concejal-jose-aguilante-presentara-este-viernes-su-renuncia-al-concejo-municipal-para-ser-candidato-al-core","status":"publish","type":"post","link":"https:\/\/www.radiopresidenteibanez.cl\/web\/concejal-jose-aguilante-presentara-este-viernes-su-renuncia-al-concejo-municipal-para-ser-candidato-al-core\/","title":{"rendered":"CONCEJAL JOSE AGUILANTE PRESENTAR\u00c1 ESTE VIERNES SU RENUNCIA AL CONCEJO MUNICIPAL PARA SER CANDIDATO AL CORE"},"content":{"rendered":"\n<p>El concejal de la\ncomuna de Punta Arenas, Jos\u00e9 Aguilante Mancilla, en entrevista con nuestra\nemisora se\u00f1al\u00f3&nbsp;que este viernes 20 del presente en horas de la tarde\npresentar\u00eda&nbsp;su renuncia como consejo municipal para poder presentarse a\nconsejero regional en las pr\u00f3ximas elecciones<\/p>\n\n\n\n<p>Aguilante,\nagreg\u00f3&nbsp;que la decisi\u00f3n&nbsp;ya est\u00e1 tomada, recordando que hace un tiempo\nya hab\u00eda se\u00f1alado que no ir\u00eda a la reelecci\u00f3n como concejal porque cree que\ntres periodos es suficiente para estar en el municipio<\/p>\n\n\n\n<p>La experiencia del\ntrabajo con la comunidad en lo social, deportivo y cultural en la comuna, son\nrazones m\u00e1s&nbsp;que suficientes e importantes para seguir trabajando desde el\nconsejo regional ahora para toda la regi\u00f3n, finalizo&nbsp;indicando Jos\u00e9\nAguilante Mancilla.&nbsp;<\/p>\n","protected":false},"excerpt":{"rendered":"<p>El concejal de la comuna de Punta Arenas, Jos\u00e9 Aguilante Mancilla, en entrevista con nuestra emisora se\u00f1al\u00f3&nbsp;que este viernes 20 del presente en horas de la tarde presentar\u00eda&nbsp;su renuncia como&#8230; <a class=\"read-more\" href=\"https:\/\/www.radiopresidenteibanez.cl\/web\/concejal-jose-aguilante-presentara-este-viernes-su-renuncia-al-concejo-municipal-para-ser-candidato-al-core\/\">Leer m\u00e1s<\/a><\/p>\n","protected":false},"author":2,"featured_media":11708,"comment_status":"closed","ping_status":"closed","sticky":false,"template":"","format":"standard","meta":{"footnotes":""},"categories":[1],"tags":[],"class_list":["post-16185","post","type-post","status-publish","format-standard","has-post-thumbnail","hentry","category-cronica"],"_links":{"self":[{"href":"https:\/\/www.radiopresidenteibanez.cl\/web\/wp-json\/wp\/v2\/posts\/16185","targetHints":{"allow":["GET"]}}],"collection":[{"href":"https:\/\/www.radiopresidenteibanez.cl\/web\/wp-json\/wp\/v2\/posts"}],"about":[{"href":"https:\/\/www.radiopresidenteibanez.cl\/web\/wp-json\/wp\/v2\/types\/post"}],"author":[{"embeddable":true,"href":"https:\/\/www.radiopresidenteibanez.cl\/web\/wp-json\/wp\/v2\/users\/2"}],"replies":[{"embeddable":true,"href":"https:\/\/www.radiopresidenteibanez.cl\/web\/wp-json\/wp\/v2\/comments?post=16185"}],"version-history":[{"count":0,"href":"https:\/\/www.radiopresidenteibanez.cl\/web\/wp-json\/wp\/v2\/posts\/16185\/revisions"}],"wp:featuredmedia":[{"embeddable":true,"href":"https:\/\/www.radiopresidenteibanez.cl\/web\/wp-json\/wp\/v2\/media\/11708"}],"wp:attachment":[{"href":"https:\/\/www.radiopresidenteibanez.cl\/web\/wp-json\/wp\/v2\/media?parent=16185"}],"wp:term":[{"taxonomy":"category","embeddable":true,"href":"https:\/\/www.radiopresidenteibanez.cl\/web\/wp-json\/wp\/v2\/categories?post=16185"},{"taxonomy":"post_tag","embeddable":true,"href":"https:\/\/www.radiopresidenteibanez.cl\/web\/wp-json\/wp\/v2\/tags?post=16185"}],"curies":[{"name":"wp","href":"https:\/\/api.w.org\/{rel}","templated":true}]}}