{"id":16182,"date":"2020-11-19T12:46:12","date_gmt":"2020-11-19T12:46:12","guid":{"rendered":"https:\/\/www.radiopresidenteibanez.cl\/web\/?p=16182"},"modified":"2020-11-19T12:46:18","modified_gmt":"2020-11-19T12:46:18","slug":"consejero-regional-miguel-sierpe-reitera-disculpas-publicas-a-gremios-de-comercio-y-turismo-de-puerto-natales","status":"publish","type":"post","link":"https:\/\/www.radiopresidenteibanez.cl\/web\/consejero-regional-miguel-sierpe-reitera-disculpas-publicas-a-gremios-de-comercio-y-turismo-de-puerto-natales\/","title":{"rendered":"CONSEJERO REGIONAL MIGUEL SIERPE REITERA DISCULPAS P\u00daBLICAS A GREMIOS DE COMERCIO Y TURISMO DE PUERTO NATALES"},"content":{"rendered":"\n<p>Durante\nel desarrollo de la reuni\u00f3n de la Comisi\u00f3n Turismo del Consejo Regional\nefectuada este mi\u00e9rcoles a trav\u00e9s de videoconferencia, realice una llamada\ntelef\u00f3nica en la cual exprese desafortunados dichos respecto de la reuni\u00f3n que\nse estaba llevando a cabo, estas expresiones fueron escuchadas al dejar\nmicr\u00f3fono abierto. <\/p>\n\n\n\n<p>Como\nConsejero Regional, &nbsp;reitero p\u00fablicamente\nmis disculpas las cuales emit\u00ed en el mismo momento, dirigidas a cada uno de los\nrepresentantes de los gremios del Comercio y Turismo que estuvieron presentes\nen la reuni\u00f3n mencionada. <\/p>\n\n\n\n<p>\u201cQuiero\ncon humildad pedir disculpas a todos quienes pude ofender, yo estaba en una conversaci\u00f3n\ntelef\u00f3nica privada, reconozco haber cometido un error con mis dichos al\nexpresarlos en forma descuidada y vulgar. &nbsp;Entiendo que no existe explicaci\u00f3n que pueda\nser suficiente y logre justificar el episodio pero tambi\u00e9n lamento la utilizaci\u00f3n\nmal intencionada que se le ha dado a mis palabras porque no solo ahora, sino de\ntoda una vida tengo relaciones de amistad con muchos Natalinos. &nbsp;Tambi\u00e9n en Puerto Natales son testigos de que\nhe llegado hasta la Contralor\u00eda General de la Rep\u00fablica para defender sus\nderechos. <\/p>\n\n\n\n<p>Asimismo\ndebo reconocer mi ofuscaci\u00f3n al comprobar que est\u00e1n llegando al seno del CORE\nmuchas organizaciones con la idea equivocada de que en el Consejo se pueden\nsolucionar temas que en realidad no nos corresponden y aunque comprendo y\ncomparto la desesperanza que la gente aprecia en las pol\u00edticas p\u00fablicas y la\nfalta de soluciones concretas a sus problemas, debemos ser honestos y no crear\nfalsas expectativas con las necesidades de la gente.<\/p>\n\n\n\n<p>Admito\nque no fue la manera correcta de expresarlo y entiendo el profundo dolor que\nprovocaron mis palabras, quienes me conocen saben que esas desafortunadas\ndeclaraciones no representan mi verdadero compromiso y sentir con la regi\u00f3n de\nMagallanes y sus provincias lo cual he intentado dejar impreso en cada una de\nmis acciones y decisiones en el trabajo efectuado durante muchos a\u00f1os de\ntrayectoria en el Consejo Regional.<\/p>\n\n\n\n<p>Finalmente\nse\u00f1alar que este tema solo me involucra a m\u00ed y no al Cuerpo Colegiado. En mi\nconversaci\u00f3n telef\u00f3nica mencione palabras que no me representan y me arrepiento\nde ello. Reitero mis disculpas, en especial a las mujeres dirigentes del\nComercio Detallista presentes en la reuni\u00f3n\u201d.<\/p>\n\n\n\n<p><strong>Miguel Sierpe Gallardo<\/strong><strong><\/strong><\/p>\n\n\n\n<p><strong>Consejero Regional <\/strong><strong><\/strong><\/p>\n","protected":false},"excerpt":{"rendered":"<p>Durante el desarrollo de la reuni\u00f3n de la Comisi\u00f3n Turismo del Consejo Regional efectuada este mi\u00e9rcoles a trav\u00e9s de videoconferencia, realice una llamada telef\u00f3nica en la cual exprese desafortunados dichos&#8230; <a class=\"read-more\" href=\"https:\/\/www.radiopresidenteibanez.cl\/web\/consejero-regional-miguel-sierpe-reitera-disculpas-publicas-a-gremios-de-comercio-y-turismo-de-puerto-natales\/\">Leer m\u00e1s<\/a><\/p>\n","protected":false},"author":2,"featured_media":16183,"comment_status":"closed","ping_status":"closed","sticky":false,"template":"","format":"standard","meta":{"footnotes":""},"categories":[1],"tags":[],"class_list":["post-16182","post","type-post","status-publish","format-standard","has-post-thumbnail","hentry","category-cronica"],"_links":{"self":[{"href":"https:\/\/www.radiopresidenteibanez.cl\/web\/wp-json\/wp\/v2\/posts\/16182","targetHints":{"allow":["GET"]}}],"collection":[{"href":"https:\/\/www.radiopresidenteibanez.cl\/web\/wp-json\/wp\/v2\/posts"}],"about":[{"href":"https:\/\/www.radiopresidenteibanez.cl\/web\/wp-json\/wp\/v2\/types\/post"}],"author":[{"embeddable":true,"href":"https:\/\/www.radiopresidenteibanez.cl\/web\/wp-json\/wp\/v2\/users\/2"}],"replies":[{"embeddable":true,"href":"https:\/\/www.radiopresidenteibanez.cl\/web\/wp-json\/wp\/v2\/comments?post=16182"}],"version-history":[{"count":0,"href":"https:\/\/www.radiopresidenteibanez.cl\/web\/wp-json\/wp\/v2\/posts\/16182\/revisions"}],"wp:featuredmedia":[{"embeddable":true,"href":"https:\/\/www.radiopresidenteibanez.cl\/web\/wp-json\/wp\/v2\/media\/16183"}],"wp:attachment":[{"href":"https:\/\/www.radiopresidenteibanez.cl\/web\/wp-json\/wp\/v2\/media?parent=16182"}],"wp:term":[{"taxonomy":"category","embeddable":true,"href":"https:\/\/www.radiopresidenteibanez.cl\/web\/wp-json\/wp\/v2\/categories?post=16182"},{"taxonomy":"post_tag","embeddable":true,"href":"https:\/\/www.radiopresidenteibanez.cl\/web\/wp-json\/wp\/v2\/tags?post=16182"}],"curies":[{"name":"wp","href":"https:\/\/api.w.org\/{rel}","templated":true}]}}